


{"id":8710,"date":"2016-07-22T09:25:58","date_gmt":"2016-07-22T09:25:58","guid":{"rendered":"http:\/\/www.unirufa.it\/?p=8710"},"modified":"2020-08-08T11:20:41","modified_gmt":"2020-08-08T09:20:41","slug":"rufa-torna-agli-mtv-digital-days","status":"publish","type":"post","link":"https:\/\/www.unirufa.it\/es\/2016\/07\/22\/rufa-torna-agli-mtv-digital-days\/","title":{"rendered":"RUFA torna agli MTV Digital Days"},"content":{"rendered":"<p class=\"qtranxs-available-languages-message qtranxs-available-languages-message-es\">Disculpa, pero esta entrada est\u00e1 disponible s\u00f3lo en <a href=\"https:\/\/www.unirufa.it\/it\/wp-json\/wp\/v2\/posts\/8710\" class=\"qtranxs-available-language-link qtranxs-available-language-link-it\" title=\"IT\">IT<\/a> y <a href=\"https:\/\/www.unirufa.it\/en\/wp-json\/wp\/v2\/posts\/8710\" class=\"qtranxs-available-language-link qtranxs-available-language-link-en\" title=\"EN\">EN<\/a>.<\/p><h3>Si rinnova la partnership. L&#8217;Accademia porter\u00e0 il suo know how alla Reggia di Venaria<\/h3>\n<p>Tornano gli MTV Digital Days, l\u2019appuntamento dedicato alla musica e all\u2019innovazione digitale, la cui quarta edizione \u00e8 in programma il 9 e 10 settembre alla Reggia di Venaria a Torino. Anche quest\u2019anno RUFA, la Rome University of Fine Arts, sar\u00e0 presente in rassegna con un progetto da presentare e con un workshop sulle arti digitali a cura di Massimiliano Dibitonto, docente di Interaction Design. Il progetto \u00e8 quello dello studente di Visual design Hysen Drogu, che ha realizzato un&#8217;app di nome Passapp, che rivoluziona le procedure di preimbarco in aeroporto: il sistema consente infatti di utilizzare l&#8217;app come documento di riconoscimento digitale per tutti i servizi aeroportuali, dal check in all&#8217;imbarco, evitando ai passeggeri file e attese. Il workshop, dal titolo \u201cDesign the future things\u201d, ha invece l\u2019obiettivo di far esplorare il nuovo e coinvolgente scenario della scienza nota come \u201cInternet of things\u201d, il nuovo scenario nella interazione tra esseri umani e mondo digitale. I partecipanti si troveranno coinvolti in un percorso che porter\u00e0 a immaginare, progettare e prototipare \u201coggetti intelligenti\u201d, nuove modalit\u00e0 di relazione tra uomo e tecnologia e nuove esperienze in grado di cambiare la nostra realt\u00e0 quotidiana. Per raggiungere questo obiettivo i protagonisti, divisi in gruppi, scopriranno le metodologie di base dello User Experience design, utilizzando tecniche divertenti e coinvolgenti per imparare a interagire con gli utenti, trasformare problemi ed esigenze in soluzioni e realizzare prototipi di vario tipo per testare la validit\u00e0 delle scelte progettuali. <\/p>\n<p>Si rinnova cos\u00ec la partnership tra RUFA ed MTV, battezzata lo scorso anno con la partecipazione agli MTV Digital Days della nostra studentessa Chiara Tedone, che alla Reggia di Monza ha portato la sua installazione \u00abFeel the music, see the music\u00bb, realizzata in collaborazione con Francesca Mione e Vincenzo Lancianese, un\u2019opera sonora, in cui le canzoni sono tradotte in visualizzazioni astratte in movimento che si formano sui contorni della frase-titolo e reagiscono agli impulsi della canzone, cambiando forme e colori a seconda del ritmo e della traccia corrente. Un lavoro che per la sua complessit\u00e0 e per il suo fascino avanguardistico aveva convinto MTV. RUFA ha colto al volo l\u2019occasione di collaborare con gli MTV Digital Days, confermando la sua natura di polo accademico particolarmente sensibile all\u2019innovazione e ai nuovi linguaggi della creativit\u00e0. Rufa &#8211; Rome University of Arts, ufficialmente riconosciuta dal Ministero dell\u2019Istruzione, dell\u2019Universit\u00e0 e della Ricerca (MIUR), fonda la sua proposta formativa, infatti, su un metodo d\u2019insegnamento approfondito e specialistico, che punta a unire didattica universitaria e formazione di stampo professionale negli ambiti pi\u00f9 aggiornati e tecnologici del design, delle arti visive, della fotografia, del cinema e di molti altri ambiti della creativit\u00e0. Durante il percorso formativo, gli studenti possono partecipare a conferenze, seminari, workshop e mostre per poter implementare il piano di studi ed entrare in contatto diretto con il mondo del lavoro. L\u2019obiettivo \u00e8 aprirsi alla contaminazione tra linguaggi differenti, alla trasversalit\u00e0, alla ricerca e alla sperimentazione. <\/p>","protected":false},"excerpt":{"rendered":"<p>Disculpa, pero esta entrada est\u00e1 disponible s\u00f3lo en IT y EN.Si rinnova la partnership. L&#8217;Accademia porter\u00e0 il suo know how alla Reggia di Venaria Tornano gli MTV Digital Days, l\u2019appuntamento dedicato alla musica e all\u2019innovazione digitale, la cui quarta edizione \u00e8 in programma il 9 e 10 settembre alla Reggia di Venaria a Torino. Anche&#8230;  <a class=\"excerpt-read-more\" href=\"https:\/\/www.unirufa.it\/es\/2016\/07\/22\/rufa-torna-agli-mtv-digital-days\/\" title=\"Read RUFA torna agli MTV Digital Days\">Find out more<\/a><\/p>\n","protected":false},"author":1,"featured_media":8712,"comment_status":"closed","ping_status":"closed","sticky":false,"template":"","format":"standard","meta":{"content-type":"","footnotes":""},"categories":[1629,31],"tags":[327,915,391,53],"class_list":["post-8710","post","type-post","status-publish","format-standard","has-post-thumbnail","hentry","category-accademia","category-app-news","tag-innovazione","tag-mtv-digital-days","tag-musica","tag-rufa"],"yoast_head":"<!-- This site is optimized with the Yoast SEO plugin v24.2 - https:\/\/yoast.com\/wordpress\/plugins\/seo\/ -->\n<title>RUFA torna agli MTV Digital Days - RUFA - Rome University of Fine Arts<\/title>\n<meta name=\"robots\" content=\"index, follow, max-snippet:-1, max-image-preview:large, max-video-preview:-1\" \/>\n<link rel=\"canonical\" href=\"https:\/\/www.unirufa.it\/2016\/07\/22\/rufa-torna-agli-mtv-digital-days\/\" \/>\n<meta property=\"og:locale\" content=\"es_ES\" \/>\n<meta property=\"og:type\" content=\"article\" \/>\n<meta property=\"og:title\" content=\"RUFA torna agli MTV Digital Days - RUFA - Rome University of Fine Arts\" \/>\n<meta property=\"og:description\" content=\"Disculpa, pero esta entrada est\u00e1 disponible s\u00f3lo en IT y EN.Si rinnova la partnership. L&#8217;Accademia porter\u00e0 il suo know how alla Reggia di Venaria Tornano gli MTV Digital Days, l\u2019appuntamento dedicato alla musica e all\u2019innovazione digitale, la cui quarta edizione \u00e8 in programma il 9 e 10 settembre alla Reggia di Venaria a Torino. Anche... Find out more\" \/>\n<meta property=\"og:url\" content=\"https:\/\/www.unirufa.it\/2016\/07\/22\/rufa-torna-agli-mtv-digital-days\/\" \/>\n<meta property=\"og:site_name\" content=\"RUFA - Rome University of Fine Arts\" \/>\n<meta property=\"article:published_time\" content=\"2016-07-22T09:25:58+00:00\" \/>\n<meta property=\"article:modified_time\" content=\"2020-08-08T09:20:41+00:00\" \/>\n<meta property=\"og:image\" content=\"https:\/\/www.unirufa.it\/wp-content\/uploads\/2016\/07\/Immagine-7.png\" \/>\n\t<meta property=\"og:image:width\" content=\"960\" \/>\n\t<meta property=\"og:image:height\" content=\"560\" \/>\n\t<meta property=\"og:image:type\" content=\"image\/png\" \/>\n<meta name=\"author\" content=\"rufa\" \/>\n<meta name=\"twitter:label1\" content=\"Escrito por\" \/>\n\t<meta name=\"twitter:data1\" content=\"rufa\" \/>\n\t<meta name=\"twitter:label2\" content=\"Tiempo de lectura\" \/>\n\t<meta name=\"twitter:data2\" content=\"3 minutos\" \/>\n<script type=\"application\/ld+json\" class=\"yoast-schema-graph\">{\"@context\":\"https:\/\/schema.org\",\"@graph\":[{\"@type\":\"WebPage\",\"@id\":\"https:\/\/www.unirufa.it\/2016\/07\/22\/rufa-torna-agli-mtv-digital-days\/\",\"url\":\"https:\/\/www.unirufa.it\/2016\/07\/22\/rufa-torna-agli-mtv-digital-days\/\",\"name\":\"RUFA torna agli MTV Digital Days - RUFA - Rome University of Fine Arts\",\"isPartOf\":{\"@id\":\"https:\/\/www.unirufa.it\/#website\"},\"primaryImageOfPage\":{\"@id\":\"https:\/\/www.unirufa.it\/2016\/07\/22\/rufa-torna-agli-mtv-digital-days\/#primaryimage\"},\"image\":{\"@id\":\"https:\/\/www.unirufa.it\/2016\/07\/22\/rufa-torna-agli-mtv-digital-days\/#primaryimage\"},\"thumbnailUrl\":\"https:\/\/www.unirufa.it\/wp-content\/uploads\/2016\/07\/Immagine-7.png\",\"datePublished\":\"2016-07-22T09:25:58+00:00\",\"dateModified\":\"2020-08-08T09:20:41+00:00\",\"author\":{\"@id\":\"https:\/\/www.unirufa.it\/#\/schema\/person\/df501afc19e72ccaeeaaec268b0c5917\"},\"breadcrumb\":{\"@id\":\"https:\/\/www.unirufa.it\/2016\/07\/22\/rufa-torna-agli-mtv-digital-days\/#breadcrumb\"},\"inLanguage\":\"es\",\"potentialAction\":[{\"@type\":\"ReadAction\",\"target\":[\"https:\/\/www.unirufa.it\/2016\/07\/22\/rufa-torna-agli-mtv-digital-days\/\"]}]},{\"@type\":\"ImageObject\",\"inLanguage\":\"es\",\"@id\":\"https:\/\/www.unirufa.it\/2016\/07\/22\/rufa-torna-agli-mtv-digital-days\/#primaryimage\",\"url\":\"https:\/\/www.unirufa.it\/wp-content\/uploads\/2016\/07\/Immagine-7.png\",\"contentUrl\":\"https:\/\/www.unirufa.it\/wp-content\/uploads\/2016\/07\/Immagine-7.png\",\"width\":960,\"height\":560},{\"@type\":\"BreadcrumbList\",\"@id\":\"https:\/\/www.unirufa.it\/2016\/07\/22\/rufa-torna-agli-mtv-digital-days\/#breadcrumb\",\"itemListElement\":[{\"@type\":\"ListItem\",\"position\":1,\"name\":\"Home\",\"item\":\"https:\/\/www.unirufa.it\/\"},{\"@type\":\"ListItem\",\"position\":2,\"name\":\"RUFA torna agli MTV Digital Days\"}]},{\"@type\":\"WebSite\",\"@id\":\"https:\/\/www.unirufa.it\/#website\",\"url\":\"https:\/\/www.unirufa.it\/\",\"name\":\"RUFA - Rome University of Fine Arts\",\"description\":\"\",\"potentialAction\":[{\"@type\":\"SearchAction\",\"target\":{\"@type\":\"EntryPoint\",\"urlTemplate\":\"https:\/\/www.unirufa.it\/?s={search_term_string}\"},\"query-input\":{\"@type\":\"PropertyValueSpecification\",\"valueRequired\":true,\"valueName\":\"search_term_string\"}}],\"inLanguage\":\"es\"},{\"@type\":\"Person\",\"@id\":\"https:\/\/www.unirufa.it\/#\/schema\/person\/df501afc19e72ccaeeaaec268b0c5917\",\"name\":\"rufa\",\"image\":{\"@type\":\"ImageObject\",\"inLanguage\":\"es\",\"@id\":\"https:\/\/www.unirufa.it\/#\/schema\/person\/image\/\",\"url\":\"https:\/\/secure.gravatar.com\/avatar\/7f7ea0eea9301536a533fa1d7ea507b9?s=96&d=mm&r=g\",\"contentUrl\":\"https:\/\/secure.gravatar.com\/avatar\/7f7ea0eea9301536a533fa1d7ea507b9?s=96&d=mm&r=g\",\"caption\":\"rufa\"},\"url\":\"https:\/\/www.unirufa.it\/es\/author\/rufa\/\"}]}<\/script>\n<!-- \/ Yoast SEO plugin. -->","yoast_head_json":{"title":"RUFA torna agli MTV Digital Days - RUFA - Rome University of Fine Arts","robots":{"index":"index","follow":"follow","max-snippet":"max-snippet:-1","max-image-preview":"max-image-preview:large","max-video-preview":"max-video-preview:-1"},"canonical":"https:\/\/www.unirufa.it\/2016\/07\/22\/rufa-torna-agli-mtv-digital-days\/","og_locale":"es_ES","og_type":"article","og_title":"RUFA torna agli MTV Digital Days - RUFA - Rome University of Fine Arts","og_description":"Disculpa, pero esta entrada est\u00e1 disponible s\u00f3lo en IT y EN.Si rinnova la partnership. L&#8217;Accademia porter\u00e0 il suo know how alla Reggia di Venaria Tornano gli MTV Digital Days, l\u2019appuntamento dedicato alla musica e all\u2019innovazione digitale, la cui quarta edizione \u00e8 in programma il 9 e 10 settembre alla Reggia di Venaria a Torino. Anche... Find out more","og_url":"https:\/\/www.unirufa.it\/2016\/07\/22\/rufa-torna-agli-mtv-digital-days\/","og_site_name":"RUFA - Rome University of Fine Arts","article_published_time":"2016-07-22T09:25:58+00:00","article_modified_time":"2020-08-08T09:20:41+00:00","og_image":[{"width":960,"height":560,"url":"https:\/\/www.unirufa.it\/wp-content\/uploads\/2016\/07\/Immagine-7.png","type":"image\/png"}],"author":"rufa","twitter_misc":{"Escrito por":"rufa","Tiempo de lectura":"3 minutos"},"schema":{"@context":"https:\/\/schema.org","@graph":[{"@type":"WebPage","@id":"https:\/\/www.unirufa.it\/2016\/07\/22\/rufa-torna-agli-mtv-digital-days\/","url":"https:\/\/www.unirufa.it\/2016\/07\/22\/rufa-torna-agli-mtv-digital-days\/","name":"RUFA torna agli MTV Digital Days - RUFA - Rome University of Fine Arts","isPartOf":{"@id":"https:\/\/www.unirufa.it\/#website"},"primaryImageOfPage":{"@id":"https:\/\/www.unirufa.it\/2016\/07\/22\/rufa-torna-agli-mtv-digital-days\/#primaryimage"},"image":{"@id":"https:\/\/www.unirufa.it\/2016\/07\/22\/rufa-torna-agli-mtv-digital-days\/#primaryimage"},"thumbnailUrl":"https:\/\/www.unirufa.it\/wp-content\/uploads\/2016\/07\/Immagine-7.png","datePublished":"2016-07-22T09:25:58+00:00","dateModified":"2020-08-08T09:20:41+00:00","author":{"@id":"https:\/\/www.unirufa.it\/#\/schema\/person\/df501afc19e72ccaeeaaec268b0c5917"},"breadcrumb":{"@id":"https:\/\/www.unirufa.it\/2016\/07\/22\/rufa-torna-agli-mtv-digital-days\/#breadcrumb"},"inLanguage":"es","potentialAction":[{"@type":"ReadAction","target":["https:\/\/www.unirufa.it\/2016\/07\/22\/rufa-torna-agli-mtv-digital-days\/"]}]},{"@type":"ImageObject","inLanguage":"es","@id":"https:\/\/www.unirufa.it\/2016\/07\/22\/rufa-torna-agli-mtv-digital-days\/#primaryimage","url":"https:\/\/www.unirufa.it\/wp-content\/uploads\/2016\/07\/Immagine-7.png","contentUrl":"https:\/\/www.unirufa.it\/wp-content\/uploads\/2016\/07\/Immagine-7.png","width":960,"height":560},{"@type":"BreadcrumbList","@id":"https:\/\/www.unirufa.it\/2016\/07\/22\/rufa-torna-agli-mtv-digital-days\/#breadcrumb","itemListElement":[{"@type":"ListItem","position":1,"name":"Home","item":"https:\/\/www.unirufa.it\/"},{"@type":"ListItem","position":2,"name":"RUFA torna agli MTV Digital Days"}]},{"@type":"WebSite","@id":"https:\/\/www.unirufa.it\/#website","url":"https:\/\/www.unirufa.it\/","name":"RUFA - Rome University of Fine Arts","description":"","potentialAction":[{"@type":"SearchAction","target":{"@type":"EntryPoint","urlTemplate":"https:\/\/www.unirufa.it\/?s={search_term_string}"},"query-input":{"@type":"PropertyValueSpecification","valueRequired":true,"valueName":"search_term_string"}}],"inLanguage":"es"},{"@type":"Person","@id":"https:\/\/www.unirufa.it\/#\/schema\/person\/df501afc19e72ccaeeaaec268b0c5917","name":"rufa","image":{"@type":"ImageObject","inLanguage":"es","@id":"https:\/\/www.unirufa.it\/#\/schema\/person\/image\/","url":"https:\/\/secure.gravatar.com\/avatar\/7f7ea0eea9301536a533fa1d7ea507b9?s=96&d=mm&r=g","contentUrl":"https:\/\/secure.gravatar.com\/avatar\/7f7ea0eea9301536a533fa1d7ea507b9?s=96&d=mm&r=g","caption":"rufa"},"url":"https:\/\/www.unirufa.it\/es\/author\/rufa\/"}]}},"_links":{"self":[{"href":"https:\/\/www.unirufa.it\/es\/wp-json\/wp\/v2\/posts\/8710","targetHints":{"allow":["GET"]}}],"collection":[{"href":"https:\/\/www.unirufa.it\/es\/wp-json\/wp\/v2\/posts"}],"about":[{"href":"https:\/\/www.unirufa.it\/es\/wp-json\/wp\/v2\/types\/post"}],"author":[{"embeddable":true,"href":"https:\/\/www.unirufa.it\/es\/wp-json\/wp\/v2\/users\/1"}],"replies":[{"embeddable":true,"href":"https:\/\/www.unirufa.it\/es\/wp-json\/wp\/v2\/comments?post=8710"}],"version-history":[{"count":13,"href":"https:\/\/www.unirufa.it\/es\/wp-json\/wp\/v2\/posts\/8710\/revisions"}],"predecessor-version":[{"id":31060,"href":"https:\/\/www.unirufa.it\/es\/wp-json\/wp\/v2\/posts\/8710\/revisions\/31060"}],"wp:featuredmedia":[{"embeddable":true,"href":"https:\/\/www.unirufa.it\/es\/wp-json\/wp\/v2\/media\/8712"}],"wp:attachment":[{"href":"https:\/\/www.unirufa.it\/es\/wp-json\/wp\/v2\/media?parent=8710"}],"wp:term":[{"taxonomy":"category","embeddable":true,"href":"https:\/\/www.unirufa.it\/es\/wp-json\/wp\/v2\/categories?post=8710"},{"taxonomy":"post_tag","embeddable":true,"href":"https:\/\/www.unirufa.it\/es\/wp-json\/wp\/v2\/tags?post=8710"}],"curies":[{"name":"wp","href":"https:\/\/api.w.org\/{rel}","templated":true}]}}