


{"id":87324,"date":"2022-11-28T11:12:49","date_gmt":"2022-11-28T10:12:49","guid":{"rendered":"https:\/\/www.unirufa.it\/?p=87324"},"modified":"2024-04-30T11:15:05","modified_gmt":"2024-04-30T09:15:05","slug":"incontro-con-la-fondazione-calabria-film-commission","status":"publish","type":"post","link":"https:\/\/www.unirufa.it\/es\/2022\/11\/28\/incontro-con-la-fondazione-calabria-film-commission\/","title":{"rendered":"Incontro con la Fondazione Calabria Film Commission"},"content":{"rendered":"<p class=\"qtranxs-available-languages-message qtranxs-available-languages-message-es\">Disculpa, pero esta entrada est\u00e1 disponible s\u00f3lo en <a href=\"https:\/\/www.unirufa.it\/it\/wp-json\/wp\/v2\/posts\/87324\" class=\"qtranxs-available-language-link qtranxs-available-language-link-it\" title=\"IT\">IT<\/a> y <a href=\"https:\/\/www.unirufa.it\/en\/wp-json\/wp\/v2\/posts\/87324\" class=\"qtranxs-available-language-link qtranxs-available-language-link-en\" title=\"EN\">EN<\/a>.<\/p>Lo scorso mercoled\u00ec 23 novembre il Presidente della <strong><a href=\"https:\/\/www.calabriafilmcommission.it\/\" rel=\"noopener\" target=\"_blank\">Fondazione Calabria Film Commission<\/a><\/strong> Anton Giulio Grande \u00e8 stato nostro ospite in Accademia per assistere alla proiezione di alcuni cortometraggi realizzati da studenti e diplomati RUFA, e valutare se svilupparli nell&#8217;ambito di un progetto finanziato dalla Fondazione.<br \/>\nI cortometraggi proiettati, frutto di un&#8217;attenta selezione, sono stati <a href=\"https:\/\/www.esenstudios.com\/film\/il-volto-di-capgras\/\" rel=\"noopener\" target=\"_blank\">\u00abIl volto di Capgras\u00bb<\/a> di Nicole Turi, \u00abFake\u00bb di Andrea Pedio Cicala, \u00ab<a href=\"https:\/\/www.youtube-nocookie.com\/watch?v=AExJKeI8Xhc\" rel=\"noopener\" target=\"_blank\">Una goccia &#8211; Hanno tutti ragione e alla fine la ragione si perde<\/a>\u00bb di Andrea Manna, \u00ab<a href=\"https:\/\/www.believefilmfestival.it\/edizione-2022\/concorrenti-2022\/il-mio-vecchio.html\" rel=\"noopener\" target=\"_blank\">Il Mio Vecchio<\/a>\u00bb di Sofia Arciero, \u00abIn fondo al mare\u00bb di Giacomo Raffaeli, e \u00abFarfalle nello stomaco\u00bb di Alice Ambrogi.<br \/>\nLa proiezione &#8211; a cui hanno assistito le classi di Cinema e Produzione &#8211; \u00e8 stata seguita da un arricchente dibattito tra  i giovani autori e il Presidente, dove i registi hanno avuto l&#8217;opportunit\u00e0 di approfondire e presentare il proprio progetto, e confrontarsi direttamente con una realt\u00e0 strutturata che ha come obiettivo primario quello di avvantaggiare e supportare il settore audiovisivo e una nuova generazione di autori italiani.<br \/>\n&nbsp;<\/p>\n<h4><span style=\"color: #f10032;\">Fondazione Calabria Film Commission<\/span><\/h4>\n<p>La Calabria Film Commission nasce nel 2006 con l\u2019obiettivo di incoraggiare e stimolare lo sviluppo dell\u2019industria cinematografica in Calabria. La Fondazione si propone di sostenere le imprese operanti nel settore e promuoverle attraverso la diffusione di materiale audiovisivo su tutto il territorio nazionale. Inoltre, viene garantito il supporto alle produzioni attraverso assistenza in loco (ricerca location, consultazione banca dati professionalit\u00e0, servizio casting e assistenza ricerca ospitalit\u00e0 per soggiorno troupe) e vengono favorite le produzioni che intendono girare sul territorio calabrese anche attraverso accordi e convenzioni che prevedono sostegni economici sulla base della rilevanza dell\u2019iniziativa.<br \/>\n&nbsp;<\/p>\n<h3>Guarda le foto dell&#8217;incontro<\/h3>\n<div class=\"embed-responsive embed-responsive-4by3\"><a title=\"Incontro con la Fondazione Calabria Film Commission\" href=\"https:\/\/www.flickr.com\/photos\/unirufa\/albums\/72177720304031616\" data-flickr-embed=\"true\"><img decoding=\"async\" class=\"embed-responsive-item\" src=\"\nhttps:\/\/live.staticflickr.com\/65535\/52529191030_57de5a2b71.jpg\" alt=\"\"Incontro con la Fondazione Calabria Film Commission\"\" \/><\/a><script async src=\"\/\/embedr.flickr.com\/assets\/client-code.js\" charset=\"utf-8\"><\/script><\/div>","protected":false},"excerpt":{"rendered":"<p>Disculpa, pero esta entrada est\u00e1 disponible s\u00f3lo en IT y EN.Lo scorso mercoled\u00ec 23 novembre il Presidente della Fondazione Calabria Film Commission Anton Giulio Grande \u00e8 stato nostro ospite in Accademia per assistere alla proiezione di alcuni cortometraggi realizzati da studenti e diplomati RUFA, e valutare se svilupparli nell&#8217;ambito di un progetto finanziato dalla Fondazione&#8230;.  <a class=\"excerpt-read-more\" href=\"https:\/\/www.unirufa.it\/es\/2022\/11\/28\/incontro-con-la-fondazione-calabria-film-commission\/\" title=\"Read Incontro con la Fondazione Calabria Film Commission\">Find out more<\/a><\/p>\n","protected":false},"author":28,"featured_media":87339,"comment_status":"closed","ping_status":"closed","sticky":false,"template":"","format":"standard","meta":{"content-type":"","footnotes":""},"categories":[1640,940],"tags":[],"class_list":["post-87324","post","type-post","status-publish","format-standard","has-post-thumbnail","hentry","category-film-arts","category-cinema-photography"],"yoast_head":"<!-- This site is optimized with the Yoast SEO plugin v24.2 - https:\/\/yoast.com\/wordpress\/plugins\/seo\/ -->\n<title>Incontro con la Fondazione Calabria Film Commission - RUFA - Rome University of Fine Arts<\/title>\n<meta name=\"description\" content=\"Lo scorso mercoled\u00ec 23 novembre il Presidente della Fondazione Calabria Film Commission Anton Giulio Grande \u00e8 stato nostro ospite in Accademia per assistere alla proiezione di alcuni cortometraggi realizzati da studenti e diplomati RUFA, e valutare se svilupparli nell\u2019ambito di un progetto finanziato dalla Fondazione.\" \/>\n<meta name=\"robots\" content=\"index, follow, max-snippet:-1, max-image-preview:large, max-video-preview:-1\" \/>\n<link rel=\"canonical\" href=\"https:\/\/www.unirufa.it\/2022\/11\/28\/incontro-con-la-fondazione-calabria-film-commission\/\" \/>\n<meta property=\"og:locale\" content=\"es_ES\" \/>\n<meta property=\"og:type\" content=\"article\" \/>\n<meta property=\"og:title\" content=\"Incontro con la Fondazione Calabria Film Commission - RUFA - Rome University of Fine Arts\" \/>\n<meta property=\"og:description\" content=\"{:it}Lo scorso mercoled\u00ec 23 novembre il Presidente della Fondazione Calabria Film Commission Anton Giulio Grande \u00e8 stato nostro ospite in Accademia per assistere alla proiezione di alcuni cortometraggi realizzati da studenti e diplomati RUFA, e valutare se svilupparli nell\u2019ambito di un progetto finanziato dalla Fondazione.{:}\" \/>\n<meta property=\"og:url\" content=\"https:\/\/www.unirufa.it\/2022\/11\/28\/incontro-con-la-fondazione-calabria-film-commission\/\" \/>\n<meta property=\"og:site_name\" content=\"RUFA - Rome University of Fine Arts\" \/>\n<meta property=\"article:published_time\" content=\"2022-11-28T10:12:49+00:00\" \/>\n<meta property=\"article:modified_time\" content=\"2024-04-30T09:15:05+00:00\" \/>\n<meta property=\"og:image\" content=\"https:\/\/www.unirufa.it\/wp-content\/uploads\/2022\/11\/BANNER_FONDAZIONE-CALABRIA.jpg\" \/>\n\t<meta property=\"og:image:width\" content=\"1050\" \/>\n\t<meta property=\"og:image:height\" content=\"600\" \/>\n\t<meta property=\"og:image:type\" content=\"image\/jpeg\" \/>\n<meta name=\"author\" content=\"Claudia Vitali\" \/>\n<meta name=\"twitter:label1\" content=\"Escrito por\" \/>\n\t<meta name=\"twitter:data1\" content=\"Claudia Vitali\" \/>\n\t<meta name=\"twitter:label2\" content=\"Tiempo de lectura\" \/>\n\t<meta name=\"twitter:data2\" content=\"3 minutos\" \/>\n<script type=\"application\/ld+json\" class=\"yoast-schema-graph\">{\"@context\":\"https:\/\/schema.org\",\"@graph\":[{\"@type\":\"WebPage\",\"@id\":\"https:\/\/www.unirufa.it\/2022\/11\/28\/incontro-con-la-fondazione-calabria-film-commission\/\",\"url\":\"https:\/\/www.unirufa.it\/2022\/11\/28\/incontro-con-la-fondazione-calabria-film-commission\/\",\"name\":\"Incontro con la Fondazione Calabria Film Commission - RUFA - Rome University of Fine Arts\",\"isPartOf\":{\"@id\":\"https:\/\/www.unirufa.it\/#website\"},\"primaryImageOfPage\":{\"@id\":\"https:\/\/www.unirufa.it\/2022\/11\/28\/incontro-con-la-fondazione-calabria-film-commission\/#primaryimage\"},\"image\":{\"@id\":\"https:\/\/www.unirufa.it\/2022\/11\/28\/incontro-con-la-fondazione-calabria-film-commission\/#primaryimage\"},\"thumbnailUrl\":\"https:\/\/www.unirufa.it\/wp-content\/uploads\/2022\/11\/BANNER_FONDAZIONE-CALABRIA.jpg\",\"datePublished\":\"2022-11-28T10:12:49+00:00\",\"dateModified\":\"2024-04-30T09:15:05+00:00\",\"author\":{\"@id\":\"https:\/\/www.unirufa.it\/#\/schema\/person\/d5c03e37606740dff84050c97a46c80e\"},\"description\":\"{:it}Lo scorso mercoled\u00ec 23 novembre il Presidente della Fondazione Calabria Film Commission Anton Giulio Grande \u00e8 stato nostro ospite in Accademia per assistere alla proiezione di alcuni cortometraggi realizzati da studenti e diplomati RUFA, e valutare se svilupparli nell\u2019ambito di un progetto finanziato dalla Fondazione.{:}\",\"breadcrumb\":{\"@id\":\"https:\/\/www.unirufa.it\/2022\/11\/28\/incontro-con-la-fondazione-calabria-film-commission\/#breadcrumb\"},\"inLanguage\":\"es\",\"potentialAction\":[{\"@type\":\"ReadAction\",\"target\":[\"https:\/\/www.unirufa.it\/2022\/11\/28\/incontro-con-la-fondazione-calabria-film-commission\/\"]}]},{\"@type\":\"ImageObject\",\"inLanguage\":\"es\",\"@id\":\"https:\/\/www.unirufa.it\/2022\/11\/28\/incontro-con-la-fondazione-calabria-film-commission\/#primaryimage\",\"url\":\"https:\/\/www.unirufa.it\/wp-content\/uploads\/2022\/11\/BANNER_FONDAZIONE-CALABRIA.jpg\",\"contentUrl\":\"https:\/\/www.unirufa.it\/wp-content\/uploads\/2022\/11\/BANNER_FONDAZIONE-CALABRIA.jpg\",\"width\":1050,\"height\":600,\"caption\":\"BANNER_FONDAZIONE CALABRIA\"},{\"@type\":\"BreadcrumbList\",\"@id\":\"https:\/\/www.unirufa.it\/2022\/11\/28\/incontro-con-la-fondazione-calabria-film-commission\/#breadcrumb\",\"itemListElement\":[{\"@type\":\"ListItem\",\"position\":1,\"name\":\"Home\",\"item\":\"https:\/\/www.unirufa.it\/\"},{\"@type\":\"ListItem\",\"position\":2,\"name\":\"Incontro con la Fondazione Calabria Film Commission\"}]},{\"@type\":\"WebSite\",\"@id\":\"https:\/\/www.unirufa.it\/#website\",\"url\":\"https:\/\/www.unirufa.it\/\",\"name\":\"RUFA - Rome University of Fine Arts\",\"description\":\"\",\"potentialAction\":[{\"@type\":\"SearchAction\",\"target\":{\"@type\":\"EntryPoint\",\"urlTemplate\":\"https:\/\/www.unirufa.it\/?s={search_term_string}\"},\"query-input\":{\"@type\":\"PropertyValueSpecification\",\"valueRequired\":true,\"valueName\":\"search_term_string\"}}],\"inLanguage\":\"es\"},{\"@type\":\"Person\",\"@id\":\"https:\/\/www.unirufa.it\/#\/schema\/person\/d5c03e37606740dff84050c97a46c80e\",\"name\":\"Claudia Vitali\",\"image\":{\"@type\":\"ImageObject\",\"inLanguage\":\"es\",\"@id\":\"https:\/\/www.unirufa.it\/#\/schema\/person\/image\/\",\"url\":\"https:\/\/secure.gravatar.com\/avatar\/9bd058a2b55efbe5f9e6b68b196c59f4?s=96&d=mm&r=g\",\"contentUrl\":\"https:\/\/secure.gravatar.com\/avatar\/9bd058a2b55efbe5f9e6b68b196c59f4?s=96&d=mm&r=g\",\"caption\":\"Claudia Vitali\"},\"url\":\"https:\/\/www.unirufa.it\/es\/author\/claudia\/\"}]}<\/script>\n<!-- \/ Yoast SEO plugin. -->","yoast_head_json":{"title":"Incontro con la Fondazione Calabria Film Commission - RUFA - Rome University of Fine Arts","description":"Lo scorso mercoled\u00ec 23 novembre il Presidente della Fondazione Calabria Film Commission Anton Giulio Grande \u00e8 stato nostro ospite in Accademia per assistere alla proiezione di alcuni cortometraggi realizzati da studenti e diplomati RUFA, e valutare se svilupparli nell\u2019ambito di un progetto finanziato dalla Fondazione.","robots":{"index":"index","follow":"follow","max-snippet":"max-snippet:-1","max-image-preview":"max-image-preview:large","max-video-preview":"max-video-preview:-1"},"canonical":"https:\/\/www.unirufa.it\/2022\/11\/28\/incontro-con-la-fondazione-calabria-film-commission\/","og_locale":"es_ES","og_type":"article","og_title":"Incontro con la Fondazione Calabria Film Commission - RUFA - Rome University of Fine Arts","og_description":"{:it}Lo scorso mercoled\u00ec 23 novembre il Presidente della Fondazione Calabria Film Commission Anton Giulio Grande \u00e8 stato nostro ospite in Accademia per assistere alla proiezione di alcuni cortometraggi realizzati da studenti e diplomati RUFA, e valutare se svilupparli nell\u2019ambito di un progetto finanziato dalla Fondazione.{:}","og_url":"https:\/\/www.unirufa.it\/2022\/11\/28\/incontro-con-la-fondazione-calabria-film-commission\/","og_site_name":"RUFA - Rome University of Fine Arts","article_published_time":"2022-11-28T10:12:49+00:00","article_modified_time":"2024-04-30T09:15:05+00:00","og_image":[{"width":1050,"height":600,"url":"https:\/\/www.unirufa.it\/wp-content\/uploads\/2022\/11\/BANNER_FONDAZIONE-CALABRIA.jpg","type":"image\/jpeg"}],"author":"Claudia Vitali","twitter_misc":{"Escrito por":"Claudia Vitali","Tiempo de lectura":"3 minutos"},"schema":{"@context":"https:\/\/schema.org","@graph":[{"@type":"WebPage","@id":"https:\/\/www.unirufa.it\/2022\/11\/28\/incontro-con-la-fondazione-calabria-film-commission\/","url":"https:\/\/www.unirufa.it\/2022\/11\/28\/incontro-con-la-fondazione-calabria-film-commission\/","name":"Incontro con la Fondazione Calabria Film Commission - RUFA - Rome University of Fine Arts","isPartOf":{"@id":"https:\/\/www.unirufa.it\/#website"},"primaryImageOfPage":{"@id":"https:\/\/www.unirufa.it\/2022\/11\/28\/incontro-con-la-fondazione-calabria-film-commission\/#primaryimage"},"image":{"@id":"https:\/\/www.unirufa.it\/2022\/11\/28\/incontro-con-la-fondazione-calabria-film-commission\/#primaryimage"},"thumbnailUrl":"https:\/\/www.unirufa.it\/wp-content\/uploads\/2022\/11\/BANNER_FONDAZIONE-CALABRIA.jpg","datePublished":"2022-11-28T10:12:49+00:00","dateModified":"2024-04-30T09:15:05+00:00","author":{"@id":"https:\/\/www.unirufa.it\/#\/schema\/person\/d5c03e37606740dff84050c97a46c80e"},"description":"{:it}Lo scorso mercoled\u00ec 23 novembre il Presidente della Fondazione Calabria Film Commission Anton Giulio Grande \u00e8 stato nostro ospite in Accademia per assistere alla proiezione di alcuni cortometraggi realizzati da studenti e diplomati RUFA, e valutare se svilupparli nell\u2019ambito di un progetto finanziato dalla Fondazione.{:}","breadcrumb":{"@id":"https:\/\/www.unirufa.it\/2022\/11\/28\/incontro-con-la-fondazione-calabria-film-commission\/#breadcrumb"},"inLanguage":"es","potentialAction":[{"@type":"ReadAction","target":["https:\/\/www.unirufa.it\/2022\/11\/28\/incontro-con-la-fondazione-calabria-film-commission\/"]}]},{"@type":"ImageObject","inLanguage":"es","@id":"https:\/\/www.unirufa.it\/2022\/11\/28\/incontro-con-la-fondazione-calabria-film-commission\/#primaryimage","url":"https:\/\/www.unirufa.it\/wp-content\/uploads\/2022\/11\/BANNER_FONDAZIONE-CALABRIA.jpg","contentUrl":"https:\/\/www.unirufa.it\/wp-content\/uploads\/2022\/11\/BANNER_FONDAZIONE-CALABRIA.jpg","width":1050,"height":600,"caption":"BANNER_FONDAZIONE CALABRIA"},{"@type":"BreadcrumbList","@id":"https:\/\/www.unirufa.it\/2022\/11\/28\/incontro-con-la-fondazione-calabria-film-commission\/#breadcrumb","itemListElement":[{"@type":"ListItem","position":1,"name":"Home","item":"https:\/\/www.unirufa.it\/"},{"@type":"ListItem","position":2,"name":"Incontro con la Fondazione Calabria Film Commission"}]},{"@type":"WebSite","@id":"https:\/\/www.unirufa.it\/#website","url":"https:\/\/www.unirufa.it\/","name":"RUFA - Rome University of Fine Arts","description":"","potentialAction":[{"@type":"SearchAction","target":{"@type":"EntryPoint","urlTemplate":"https:\/\/www.unirufa.it\/?s={search_term_string}"},"query-input":{"@type":"PropertyValueSpecification","valueRequired":true,"valueName":"search_term_string"}}],"inLanguage":"es"},{"@type":"Person","@id":"https:\/\/www.unirufa.it\/#\/schema\/person\/d5c03e37606740dff84050c97a46c80e","name":"Claudia Vitali","image":{"@type":"ImageObject","inLanguage":"es","@id":"https:\/\/www.unirufa.it\/#\/schema\/person\/image\/","url":"https:\/\/secure.gravatar.com\/avatar\/9bd058a2b55efbe5f9e6b68b196c59f4?s=96&d=mm&r=g","contentUrl":"https:\/\/secure.gravatar.com\/avatar\/9bd058a2b55efbe5f9e6b68b196c59f4?s=96&d=mm&r=g","caption":"Claudia Vitali"},"url":"https:\/\/www.unirufa.it\/es\/author\/claudia\/"}]}},"_links":{"self":[{"href":"https:\/\/www.unirufa.it\/es\/wp-json\/wp\/v2\/posts\/87324","targetHints":{"allow":["GET"]}}],"collection":[{"href":"https:\/\/www.unirufa.it\/es\/wp-json\/wp\/v2\/posts"}],"about":[{"href":"https:\/\/www.unirufa.it\/es\/wp-json\/wp\/v2\/types\/post"}],"author":[{"embeddable":true,"href":"https:\/\/www.unirufa.it\/es\/wp-json\/wp\/v2\/users\/28"}],"replies":[{"embeddable":true,"href":"https:\/\/www.unirufa.it\/es\/wp-json\/wp\/v2\/comments?post=87324"}],"version-history":[{"count":15,"href":"https:\/\/www.unirufa.it\/es\/wp-json\/wp\/v2\/posts\/87324\/revisions"}],"predecessor-version":[{"id":130471,"href":"https:\/\/www.unirufa.it\/es\/wp-json\/wp\/v2\/posts\/87324\/revisions\/130471"}],"wp:featuredmedia":[{"embeddable":true,"href":"https:\/\/www.unirufa.it\/es\/wp-json\/wp\/v2\/media\/87339"}],"wp:attachment":[{"href":"https:\/\/www.unirufa.it\/es\/wp-json\/wp\/v2\/media?parent=87324"}],"wp:term":[{"taxonomy":"category","embeddable":true,"href":"https:\/\/www.unirufa.it\/es\/wp-json\/wp\/v2\/categories?post=87324"},{"taxonomy":"post_tag","embeddable":true,"href":"https:\/\/www.unirufa.it\/es\/wp-json\/wp\/v2\/tags?post=87324"}],"curies":[{"name":"wp","href":"https:\/\/api.w.org\/{rel}","templated":true}]}}