


{"id":9002,"date":"2016-09-21T07:58:43","date_gmt":"2016-09-21T07:58:43","guid":{"rendered":"http:\/\/www.unirufa.it\/?p=9002"},"modified":"2021-11-02T18:27:15","modified_gmt":"2021-11-02T17:27:15","slug":"torna-livelisecinefestival-concorso-per-cineasti","status":"publish","type":"post","link":"https:\/\/www.unirufa.it\/es\/2016\/09\/21\/torna-livelisecinefestival-concorso-per-cineasti\/","title":{"rendered":"Torna l&#8217;IveliseCineFestival, un concorso per cineasti"},"content":{"rendered":"<p class=\"qtranxs-available-languages-message qtranxs-available-languages-message-es\">Disculpa, pero esta entrada est\u00e1 disponible s\u00f3lo en <a href=\"https:\/\/www.unirufa.it\/it\/wp-json\/wp\/v2\/posts\/9002\" class=\"qtranxs-available-language-link qtranxs-available-language-link-it\" title=\"IT\">IT<\/a> y <a href=\"https:\/\/www.unirufa.it\/en\/wp-json\/wp\/v2\/posts\/9002\" class=\"qtranxs-available-language-link qtranxs-available-language-link-en\" title=\"EN\">EN<\/a>.<\/p><h3>Ecco come partecipare all&#8217;iniziativa. C&#8217;\u00e8 tempo fino al 31 ottobre per iscriversi<\/h3>\n<p>Dal 1 dicembre torna l\u2019IveliseCineFestival, il concorso di cortometraggi e documentari, prodotto dal Teatro Ivelise e dall\u2019Associazione Culturale Allostatopuro, giunto quest\u2019anno alla sua seconda edizione. L\u2019evento si articoler\u00e0 in quattro giornate all\u2019interno dello storico teatro romano: i giorni 1-2-3 dicembre ci saranno proiezioni pomeridiane e serali; il giorno 4 dicembre la premiazione delle opere vincitrici con la tavola rotonda di \u201cchiusura festival\u201d, tra concorsisti\/addetti stampa, membri della giuria e vincitori del festival.<\/p>\n<p>Al concorso possono partecipare tutte le opere cinematografiche, della durata massima di 20 minuti, appartenenti ad una delle seguenti categorie: tematica sociale, commedia, drammatico, documentario, noir\/horror, fantasy.<br \/>\nPer ogni categoria verr\u00e0 selezionata e premiata la \u201cMiglior opera\u201d con una targa di riconoscimento. Mentre, tra tutte le categorie, verranno premiati la \u201cMiglior regia\u201d, la \u201cMiglior Fotografia\u201d, la \u201cMiglior Sceneggiatura\u201d, il \u201cMiglior Montaggio\u201d, con premi da stabilire tra: premio in denaro e\/o premio in attrezzature cinematografiche e\/o premio in proiezione singola dell\u2019opera in teatro\/cinema\/locale della capitale.<\/p>\n<p>Il bando scade il 31 ottobre 2016 e la partecipazione alla selezione \u00e8 gratuita. I risultati saranno comunicati tramite e-mail entro e non oltre il 4 novembre 2016.<br \/>\nPer partecipare consultate il bando, da cui potrete vedere la modulistica dettagliata e tutte le procedure di partecipazione: <a href=\"https:\/\/www.unirufa.it\/\" title=\"https:\/\/www.unirufa.it\/\" target=\"_blank\" rel=\"noopener noreferrer\">http:\/\/www.teatroivelise.it\/bandi\/<\/a>","protected":false},"excerpt":{"rendered":"<p>Disculpa, pero esta entrada est\u00e1 disponible s\u00f3lo en IT y EN.Ecco come partecipare all&#8217;iniziativa. C&#8217;\u00e8 tempo fino al 31 ottobre per iscriversi Dal 1 dicembre torna l\u2019IveliseCineFestival, il concorso di cortometraggi e documentari, prodotto dal Teatro Ivelise e dall\u2019Associazione Culturale Allostatopuro, giunto quest\u2019anno alla sua seconda edizione. L\u2019evento si articoler\u00e0 in quattro giornate all\u2019interno dello&#8230;  <a class=\"excerpt-read-more\" href=\"https:\/\/www.unirufa.it\/es\/2016\/09\/21\/torna-livelisecinefestival-concorso-per-cineasti\/\" title=\"Read Torna l&#8217;IveliseCineFestival, un concorso per cineasti\">Find out more<\/a><\/p>\n","protected":false},"author":1,"featured_media":9004,"comment_status":"closed","ping_status":"closed","sticky":false,"template":"","format":"standard","meta":{"content-type":"","footnotes":""},"categories":[951,940,934],"tags":[],"class_list":["post-9002","post","type-post","status-publish","format-standard","has-post-thumbnail","hentry","category-bandi","category-cinema-photography","category-didactics"],"yoast_head":"<!-- This site is optimized with the Yoast SEO plugin v24.2 - https:\/\/yoast.com\/wordpress\/plugins\/seo\/ -->\n<title>Torna l&#039;IveliseCineFestival, un concorso per cineasti - RUFA - Rome University of Fine Arts<\/title>\n<meta name=\"robots\" content=\"index, follow, max-snippet:-1, max-image-preview:large, max-video-preview:-1\" \/>\n<link rel=\"canonical\" href=\"https:\/\/www.unirufa.it\/es\/2016\/09\/21\/torna-livelisecinefestival-concorso-per-cineasti\/\" \/>\n<meta property=\"og:locale\" content=\"es_ES\" \/>\n<meta property=\"og:type\" content=\"article\" \/>\n<meta property=\"og:title\" content=\"Torna l&#039;IveliseCineFestival, un concorso per cineasti - RUFA - Rome University of Fine Arts\" \/>\n<meta property=\"og:description\" content=\"Disculpa, pero esta entrada est\u00e1 disponible s\u00f3lo en IT y EN.Ecco come partecipare all&#8217;iniziativa. C&#8217;\u00e8 tempo fino al 31 ottobre per iscriversi Dal 1 dicembre torna l\u2019IveliseCineFestival, il concorso di cortometraggi e documentari, prodotto dal Teatro Ivelise e dall\u2019Associazione Culturale Allostatopuro, giunto quest\u2019anno alla sua seconda edizione. L\u2019evento si articoler\u00e0 in quattro giornate all\u2019interno dello... Find out more\" \/>\n<meta property=\"og:url\" content=\"https:\/\/www.unirufa.it\/es\/2016\/09\/21\/torna-livelisecinefestival-concorso-per-cineasti\/\" \/>\n<meta property=\"og:site_name\" content=\"RUFA - Rome University of Fine Arts\" \/>\n<meta property=\"article:published_time\" content=\"2016-09-21T07:58:43+00:00\" \/>\n<meta property=\"article:modified_time\" content=\"2021-11-02T17:27:15+00:00\" \/>\n<meta property=\"og:image\" content=\"https:\/\/www.unirufa.it\/wp-content\/uploads\/2016\/09\/copertina1-636x310.jpg\" \/>\n\t<meta property=\"og:image:width\" content=\"636\" \/>\n\t<meta property=\"og:image:height\" content=\"310\" \/>\n\t<meta property=\"og:image:type\" content=\"image\/jpeg\" \/>\n<meta name=\"author\" content=\"rufa\" \/>\n<meta name=\"twitter:label1\" content=\"Escrito por\" \/>\n\t<meta name=\"twitter:data1\" content=\"rufa\" \/>\n\t<meta name=\"twitter:label2\" content=\"Tiempo de lectura\" \/>\n\t<meta name=\"twitter:data2\" content=\"2 minutos\" \/>\n<script type=\"application\/ld+json\" class=\"yoast-schema-graph\">{\"@context\":\"https:\/\/schema.org\",\"@graph\":[{\"@type\":\"WebPage\",\"@id\":\"https:\/\/www.unirufa.it\/es\/2016\/09\/21\/torna-livelisecinefestival-concorso-per-cineasti\/\",\"url\":\"https:\/\/www.unirufa.it\/es\/2016\/09\/21\/torna-livelisecinefestival-concorso-per-cineasti\/\",\"name\":\"Torna l'IveliseCineFestival, un concorso per cineasti - RUFA - Rome University of Fine Arts\",\"isPartOf\":{\"@id\":\"https:\/\/www.unirufa.it\/#website\"},\"primaryImageOfPage\":{\"@id\":\"https:\/\/www.unirufa.it\/es\/2016\/09\/21\/torna-livelisecinefestival-concorso-per-cineasti\/#primaryimage\"},\"image\":{\"@id\":\"https:\/\/www.unirufa.it\/es\/2016\/09\/21\/torna-livelisecinefestival-concorso-per-cineasti\/#primaryimage\"},\"thumbnailUrl\":\"https:\/\/www.unirufa.it\/wp-content\/uploads\/2016\/09\/copertina1-636x310.jpg\",\"datePublished\":\"2016-09-21T07:58:43+00:00\",\"dateModified\":\"2021-11-02T17:27:15+00:00\",\"author\":{\"@id\":\"https:\/\/www.unirufa.it\/#\/schema\/person\/df501afc19e72ccaeeaaec268b0c5917\"},\"breadcrumb\":{\"@id\":\"https:\/\/www.unirufa.it\/es\/2016\/09\/21\/torna-livelisecinefestival-concorso-per-cineasti\/#breadcrumb\"},\"inLanguage\":\"es\",\"potentialAction\":[{\"@type\":\"ReadAction\",\"target\":[\"https:\/\/www.unirufa.it\/es\/2016\/09\/21\/torna-livelisecinefestival-concorso-per-cineasti\/\"]}]},{\"@type\":\"ImageObject\",\"inLanguage\":\"es\",\"@id\":\"https:\/\/www.unirufa.it\/es\/2016\/09\/21\/torna-livelisecinefestival-concorso-per-cineasti\/#primaryimage\",\"url\":\"https:\/\/www.unirufa.it\/wp-content\/uploads\/2016\/09\/copertina1-636x310.jpg\",\"contentUrl\":\"https:\/\/www.unirufa.it\/wp-content\/uploads\/2016\/09\/copertina1-636x310.jpg\",\"width\":636,\"height\":310},{\"@type\":\"BreadcrumbList\",\"@id\":\"https:\/\/www.unirufa.it\/es\/2016\/09\/21\/torna-livelisecinefestival-concorso-per-cineasti\/#breadcrumb\",\"itemListElement\":[{\"@type\":\"ListItem\",\"position\":1,\"name\":\"Home\",\"item\":\"https:\/\/www.unirufa.it\/\"},{\"@type\":\"ListItem\",\"position\":2,\"name\":\"Torna l&#8217;IveliseCineFestival, un concorso per cineasti\"}]},{\"@type\":\"WebSite\",\"@id\":\"https:\/\/www.unirufa.it\/#website\",\"url\":\"https:\/\/www.unirufa.it\/\",\"name\":\"RUFA - Rome University of Fine Arts\",\"description\":\"\",\"potentialAction\":[{\"@type\":\"SearchAction\",\"target\":{\"@type\":\"EntryPoint\",\"urlTemplate\":\"https:\/\/www.unirufa.it\/?s={search_term_string}\"},\"query-input\":{\"@type\":\"PropertyValueSpecification\",\"valueRequired\":true,\"valueName\":\"search_term_string\"}}],\"inLanguage\":\"es\"},{\"@type\":\"Person\",\"@id\":\"https:\/\/www.unirufa.it\/#\/schema\/person\/df501afc19e72ccaeeaaec268b0c5917\",\"name\":\"rufa\",\"image\":{\"@type\":\"ImageObject\",\"inLanguage\":\"es\",\"@id\":\"https:\/\/www.unirufa.it\/#\/schema\/person\/image\/\",\"url\":\"https:\/\/secure.gravatar.com\/avatar\/7f7ea0eea9301536a533fa1d7ea507b9?s=96&d=mm&r=g\",\"contentUrl\":\"https:\/\/secure.gravatar.com\/avatar\/7f7ea0eea9301536a533fa1d7ea507b9?s=96&d=mm&r=g\",\"caption\":\"rufa\"},\"url\":\"https:\/\/www.unirufa.it\/es\/author\/rufa\/\"}]}<\/script>\n<!-- \/ Yoast SEO plugin. -->","yoast_head_json":{"title":"Torna l'IveliseCineFestival, un concorso per cineasti - RUFA - Rome University of Fine Arts","robots":{"index":"index","follow":"follow","max-snippet":"max-snippet:-1","max-image-preview":"max-image-preview:large","max-video-preview":"max-video-preview:-1"},"canonical":"https:\/\/www.unirufa.it\/es\/2016\/09\/21\/torna-livelisecinefestival-concorso-per-cineasti\/","og_locale":"es_ES","og_type":"article","og_title":"Torna l'IveliseCineFestival, un concorso per cineasti - RUFA - Rome University of Fine Arts","og_description":"Disculpa, pero esta entrada est\u00e1 disponible s\u00f3lo en IT y EN.Ecco come partecipare all&#8217;iniziativa. C&#8217;\u00e8 tempo fino al 31 ottobre per iscriversi Dal 1 dicembre torna l\u2019IveliseCineFestival, il concorso di cortometraggi e documentari, prodotto dal Teatro Ivelise e dall\u2019Associazione Culturale Allostatopuro, giunto quest\u2019anno alla sua seconda edizione. L\u2019evento si articoler\u00e0 in quattro giornate all\u2019interno dello... Find out more","og_url":"https:\/\/www.unirufa.it\/es\/2016\/09\/21\/torna-livelisecinefestival-concorso-per-cineasti\/","og_site_name":"RUFA - Rome University of Fine Arts","article_published_time":"2016-09-21T07:58:43+00:00","article_modified_time":"2021-11-02T17:27:15+00:00","og_image":[{"width":636,"height":310,"url":"https:\/\/www.unirufa.it\/wp-content\/uploads\/2016\/09\/copertina1-636x310.jpg","type":"image\/jpeg"}],"author":"rufa","twitter_misc":{"Escrito por":"rufa","Tiempo de lectura":"2 minutos"},"schema":{"@context":"https:\/\/schema.org","@graph":[{"@type":"WebPage","@id":"https:\/\/www.unirufa.it\/es\/2016\/09\/21\/torna-livelisecinefestival-concorso-per-cineasti\/","url":"https:\/\/www.unirufa.it\/es\/2016\/09\/21\/torna-livelisecinefestival-concorso-per-cineasti\/","name":"Torna l'IveliseCineFestival, un concorso per cineasti - RUFA - Rome University of Fine Arts","isPartOf":{"@id":"https:\/\/www.unirufa.it\/#website"},"primaryImageOfPage":{"@id":"https:\/\/www.unirufa.it\/es\/2016\/09\/21\/torna-livelisecinefestival-concorso-per-cineasti\/#primaryimage"},"image":{"@id":"https:\/\/www.unirufa.it\/es\/2016\/09\/21\/torna-livelisecinefestival-concorso-per-cineasti\/#primaryimage"},"thumbnailUrl":"https:\/\/www.unirufa.it\/wp-content\/uploads\/2016\/09\/copertina1-636x310.jpg","datePublished":"2016-09-21T07:58:43+00:00","dateModified":"2021-11-02T17:27:15+00:00","author":{"@id":"https:\/\/www.unirufa.it\/#\/schema\/person\/df501afc19e72ccaeeaaec268b0c5917"},"breadcrumb":{"@id":"https:\/\/www.unirufa.it\/es\/2016\/09\/21\/torna-livelisecinefestival-concorso-per-cineasti\/#breadcrumb"},"inLanguage":"es","potentialAction":[{"@type":"ReadAction","target":["https:\/\/www.unirufa.it\/es\/2016\/09\/21\/torna-livelisecinefestival-concorso-per-cineasti\/"]}]},{"@type":"ImageObject","inLanguage":"es","@id":"https:\/\/www.unirufa.it\/es\/2016\/09\/21\/torna-livelisecinefestival-concorso-per-cineasti\/#primaryimage","url":"https:\/\/www.unirufa.it\/wp-content\/uploads\/2016\/09\/copertina1-636x310.jpg","contentUrl":"https:\/\/www.unirufa.it\/wp-content\/uploads\/2016\/09\/copertina1-636x310.jpg","width":636,"height":310},{"@type":"BreadcrumbList","@id":"https:\/\/www.unirufa.it\/es\/2016\/09\/21\/torna-livelisecinefestival-concorso-per-cineasti\/#breadcrumb","itemListElement":[{"@type":"ListItem","position":1,"name":"Home","item":"https:\/\/www.unirufa.it\/"},{"@type":"ListItem","position":2,"name":"Torna l&#8217;IveliseCineFestival, un concorso per cineasti"}]},{"@type":"WebSite","@id":"https:\/\/www.unirufa.it\/#website","url":"https:\/\/www.unirufa.it\/","name":"RUFA - Rome University of Fine Arts","description":"","potentialAction":[{"@type":"SearchAction","target":{"@type":"EntryPoint","urlTemplate":"https:\/\/www.unirufa.it\/?s={search_term_string}"},"query-input":{"@type":"PropertyValueSpecification","valueRequired":true,"valueName":"search_term_string"}}],"inLanguage":"es"},{"@type":"Person","@id":"https:\/\/www.unirufa.it\/#\/schema\/person\/df501afc19e72ccaeeaaec268b0c5917","name":"rufa","image":{"@type":"ImageObject","inLanguage":"es","@id":"https:\/\/www.unirufa.it\/#\/schema\/person\/image\/","url":"https:\/\/secure.gravatar.com\/avatar\/7f7ea0eea9301536a533fa1d7ea507b9?s=96&d=mm&r=g","contentUrl":"https:\/\/secure.gravatar.com\/avatar\/7f7ea0eea9301536a533fa1d7ea507b9?s=96&d=mm&r=g","caption":"rufa"},"url":"https:\/\/www.unirufa.it\/es\/author\/rufa\/"}]}},"_links":{"self":[{"href":"https:\/\/www.unirufa.it\/es\/wp-json\/wp\/v2\/posts\/9002","targetHints":{"allow":["GET"]}}],"collection":[{"href":"https:\/\/www.unirufa.it\/es\/wp-json\/wp\/v2\/posts"}],"about":[{"href":"https:\/\/www.unirufa.it\/es\/wp-json\/wp\/v2\/types\/post"}],"author":[{"embeddable":true,"href":"https:\/\/www.unirufa.it\/es\/wp-json\/wp\/v2\/users\/1"}],"replies":[{"embeddable":true,"href":"https:\/\/www.unirufa.it\/es\/wp-json\/wp\/v2\/comments?post=9002"}],"version-history":[{"count":6,"href":"https:\/\/www.unirufa.it\/es\/wp-json\/wp\/v2\/posts\/9002\/revisions"}],"predecessor-version":[{"id":55155,"href":"https:\/\/www.unirufa.it\/es\/wp-json\/wp\/v2\/posts\/9002\/revisions\/55155"}],"wp:featuredmedia":[{"embeddable":true,"href":"https:\/\/www.unirufa.it\/es\/wp-json\/wp\/v2\/media\/9004"}],"wp:attachment":[{"href":"https:\/\/www.unirufa.it\/es\/wp-json\/wp\/v2\/media?parent=9002"}],"wp:term":[{"taxonomy":"category","embeddable":true,"href":"https:\/\/www.unirufa.it\/es\/wp-json\/wp\/v2\/categories?post=9002"},{"taxonomy":"post_tag","embeddable":true,"href":"https:\/\/www.unirufa.it\/es\/wp-json\/wp\/v2\/tags?post=9002"}],"curies":[{"name":"wp","href":"https:\/\/api.w.org\/{rel}","templated":true}]}}