


{"id":94291,"date":"2023-02-07T15:32:13","date_gmt":"2023-02-07T14:32:13","guid":{"rendered":"https:\/\/www.unirufa.it\/?p=94291"},"modified":"2024-04-30T11:12:01","modified_gmt":"2024-04-30T09:12:01","slug":"malleus-vince-miglior-regia-e-miglior-film-al-film-fest-international","status":"publish","type":"post","link":"https:\/\/www.unirufa.it\/es\/2023\/02\/07\/malleus-vince-miglior-regia-e-miglior-film-al-film-fest-international\/","title":{"rendered":"MALLEUS vince Miglior regia e Miglior Film al Film Fest International"},"content":{"rendered":"<p class=\"qtranxs-available-languages-message qtranxs-available-languages-message-es\">Disculpa, pero esta entrada est\u00e1 disponible s\u00f3lo en <a href=\"https:\/\/www.unirufa.it\/it\/wp-json\/wp\/v2\/posts\/94291\" class=\"qtranxs-available-language-link qtranxs-available-language-link-it\" title=\"IT\">IT<\/a> y <a href=\"https:\/\/www.unirufa.it\/en\/wp-json\/wp\/v2\/posts\/94291\" class=\"qtranxs-available-language-link qtranxs-available-language-link-en\" title=\"EN\">EN<\/a>.<\/p>&nbsp;<\/p>\n<div class=\"row\">\n<div class=\"col-md-3\">\n<a href=\"https:\/\/www.unirufa.it\/wp-content\/uploads\/2023\/04\/andres-modificata.png\"><img decoding=\"async\" class=\"alignnone size-medium wp-image-30173\" src=\"https:\/\/www.unirufa.it\/wp-content\/uploads\/2023\/04\/andres-modificata.png\" alt=\"\" width=\"100%\" height=\"auto\" \/><\/a>\n <\/div>\n<div class=\"col-md-9\">\n<h4><span style=\"color: #f10032;\">Il trionfo di Malleus al Film Fest International<\/span><\/h4>\n<p>Il film \u00abMALLEUS\u00bb &#8211; lungometraggio diretto dal regista e docente RUFA <a href=\"https:\/\/www.unirufa.it\/docenti\/andres-rafael-zabal\" rel=\"noopener\" target=\"_blank\">Andr\u00e9s Rafael Zabala<\/a> &#8211; vince due ambitissimi premi al <strong>Film Fest International<\/strong> che si \u00e8 appena svolto nella splendida cornice della citt\u00e0 di Edimburgo.<br \/>\nMiglior regista per un film straniero ad <strong>Andr\u00e9s Rafael Zabala<\/strong> e <strong>miglior film in assoluto del Festival<\/strong>, in competizione con film provenienti da 40 paesi nel mondo. Il regista condivide la gioia di questi riconoscimenti con i membri della troupe che hanno contribuito alla realizzazione di questo progetto, molti dei quali ex studenti RUFA.<\/p>\n<p>Tra i protagonisti del progetto numerosi diplomati RUFA nel ruolo di assistenti e capi reparto, e con la partecipazione straordinaria di professionisti del corpo docente RUFA: nel cast l\u2019attore Francesco Polizzi, tutte le musiche originali composte dal sound designer Federico Landini, mentre alcuni docenti dell\u2019Area Cinema \u2013 Tullio Morganti, Christian Angeli, Franca De Angelis, Andrea Costantini e Massimo Intoppa \u2013 hanno offerto la propria consulenza nel corso del progetto. La stessa locandina ufficiale di MALLEUS \u00e8 firmata Cappelli Identity Design, agenzia creativa diretta dal coordinatore di Visual and Innovation design Emanuele Cappelli.<\/p>\n<\/div>\n<\/div>\n<p>&nbsp;<\/p>\n<h3>Guarda il trailer<\/h3>\n<div class=\"embed-responsive embed-responsive-16by9\"><iframe loading=\"lazy\" width=\"560\" height=\"315\" src=\"https:\/\/www.youtube-nocookie.com\/embed\/aI4awj2lmUE\" frameborder=\"0\" gesture=\"media\" allow=\"encrypted-media\" allowfullscreen><\/iframe><\/div>\n<p>&nbsp;<\/p>\n<h4><span style=\"color: #f10032;\">SINOSSI<\/span><\/h4>\n<p>Chi perseguita Bea?<br \/>\nChi la costringe a rimanere chiusa in casa per paura di essere nuovamente aggredita?<br \/>\nChi ha ucciso suo marito?<br \/>\nBea ha visto in faccia il suo aguzzino, ma non riesce a ricordare nulla. Ma vuole veramente farlo?<br \/>\n\u00c8 un momento difficile quello che sta passando: Bea \u00e8 perseguitata dagli agenti del fisco che a causa dei debiti lasciati in eredit\u00e0 dal proprio marito non si esimono dal lasciarla senza niente, a lei che non ha neanche pi\u00f9 un soldo per pagare l\u2019affitto di casa dopo aver perso il suo lavoro di cuoca.\u00a0<br \/>\nMa Bea non \u00e8 veramente sola. La casa che a prima vista sembra disabitata, \u00e8 in realt\u00e0 frequentata da presenze misteriose alle quali Bea non riesce a dare un senso. Sono anche loro vittime dello stesso pazzo che ha ucciso il proprio marito a colpi di martello, e vogliono giustizia. Ma perch\u00e9 da lei?<br \/>\nE il bambino che le gira attorno chi \u00e8? Non ci sono bambini tra le vittime\u2026<br \/>\nTra elucubrazioni psicologiche e realt\u00e0 distopiche, Bea riuscir\u00e0 a trovare uno spiraglio di concretezza per uscire dal vortice della propria disperazione? A quale costo? Forse solo fidandosi di un ispettore di polizia pronto a tenderle la mano tra ricordi offuscati, sogni premonitori e intuiti primordiali Bea finalmente trover\u00e0 pace. Forse.<\/p>\n<h4><span style=\"color: #f10032;\">PRODUZIONE E TROUPE<\/span><\/h4>\n<p>Regia: Andr\u00e9s Rafael Zabala<br \/>\nSceneggiatura: Rosanna Fedele \/ A.R.Zabala<br \/>\nDirettrice di produzione: Giulia Antonini<br \/>\nAssistente di produzione: Marianna Bregni<br \/>\nAiuto Regista: Anna Carrubba<br \/>\nAssistente alla regia: Giulio Tonelli<br \/>\nAssistente alla regia: Sabrina La macchia<br \/>\nScenografie: Maxim Coppola<br \/>\nCostumi: Ro\u2019<br \/>\nDirettore della fotografia: Nicol\u00f2 Ballante<br \/>\nOperatore di ripresa: Federico Assenza<br \/>\nAssistente operatore: Alberto Della Porta<br \/>\nCapo elettricista: Jacopo Cerroni<br \/>\nColorist: Vincenzo Marinese \u2013 Ttpixel Roma<br \/>\nFonico di presa diretta: Andrea Bova<br \/>\nFonico di presa diretta 2nda unit\u00e0: Maddalena Marchesi<br \/>\nMicrofonista: Filippo Angelini<br \/>\nMicrofonista: Simeon Stoilov<br \/>\nMontaggio: A.R.Zabala<br \/>\nVFX artist: Joseph Lefevre<br \/>\nTrucco: Chiara Lombardi<br \/>\nAss. Trucco: Giulia Di Girolamo<br \/>\nColonna effetti sonori: Marinelli effetti sonori<br \/>\nMontaggio effetti sonori: Anna voltaggio<br \/>\nRumori sala: Giulia Marinelli<br \/>\nMontaggio presa diretta: Andrea Castiglioni<br \/>\nFonico di mix: Matteo di Simone<\/p>\n<h4><span style=\"color: #f10032;\">CAST<\/span><\/h4>\n<p>Rosanna Fedele: BEA<br \/>\nMassimiliano Graziuso: FRANCO<br \/>\nFrancesco Polizzi: PASQUALE<br \/>\nGiulia Sanna: ADA<br \/>\nValerio Orsini: PAOLO<br \/>\nRomeo Zabala: MICHELE<br \/>\nFrancesco Di Biase: FEDERICO (agente Tributa pax)<br \/>\nFabio Capozzi: MARIO (agente Tributa pax)<br \/>\nGianluca Giunjusa: GIULIO<br \/>\nMarco Vincis: ETTORE<br \/>\nRenato Sollustri: VITO<br \/>\nFabrizio Picconi: Giudice<br \/>\nVanna Busoni: Mamma di Bea<br \/>\nGaetano Mosca: FLAVIO<\/p>\n<p>&nbsp;<br \/>\n<div class=\"su-image-carousel  su-image-carousel-has-spacing su-image-carousel-adaptive su-image-carousel-slides-style-minimal su-image-carousel-controls-style-light su-image-carousel-align-center\" style=\"\" data-flickity-options='{\"groupCells\":true,\"cellSelector\":\".su-image-carousel-item\",\"adaptiveHeight\":true,\"cellAlign\":\"left\",\"prevNextButtons\":true,\"pageDots\":false,\"autoPlay\":5000,\"imagesLoaded\":true,\"contain\":false,\"selectedAttraction\":0.025,\"friction\":0.28}' id=\"su_image_carousel_69ec6529bce21\"><div class=\"su-image-carousel-item\"><div class=\"su-image-carousel-item-content\"><img loading=\"lazy\" decoding=\"async\" width=\"680\" height=\"383\" src=\"https:\/\/www.unirufa.it\/wp-content\/uploads\/2022\/11\/MALLEUS-Andres-per-Franco-auto2-jpg-1024x576.jpg\" class=\"\" alt=\"\" srcset=\"https:\/\/www.unirufa.it\/wp-content\/uploads\/2022\/11\/MALLEUS-Andres-per-Franco-auto2-jpg-1024x576.jpg 1024w, https:\/\/www.unirufa.it\/wp-content\/uploads\/2022\/11\/MALLEUS-Andres-per-Franco-auto2-jpg-300x169.jpg 300w, https:\/\/www.unirufa.it\/wp-content\/uploads\/2022\/11\/MALLEUS-Andres-per-Franco-auto2-jpg-768x432.jpg 768w, https:\/\/www.unirufa.it\/wp-content\/uploads\/2022\/11\/MALLEUS-Andres-per-Franco-auto2-jpg-1536x864.jpg 1536w, https:\/\/www.unirufa.it\/wp-content\/uploads\/2022\/11\/MALLEUS-Andres-per-Franco-auto2-jpg-1080x608.jpg 1080w, https:\/\/www.unirufa.it\/wp-content\/uploads\/2022\/11\/MALLEUS-Andres-per-Franco-auto2-jpg.jpg 1920w\" sizes=\"auto, (max-width: 680px) 100vw, 680px\" \/><\/div><\/div><div class=\"su-image-carousel-item\"><div class=\"su-image-carousel-item-content\"><img loading=\"lazy\" decoding=\"async\" width=\"680\" height=\"383\" src=\"https:\/\/www.unirufa.it\/wp-content\/uploads\/2022\/11\/MALLEUS-Backstage00046p-1024x576.jpg\" class=\"\" alt=\"\" srcset=\"https:\/\/www.unirufa.it\/wp-content\/uploads\/2022\/11\/MALLEUS-Backstage00046p-1024x576.jpg 1024w, https:\/\/www.unirufa.it\/wp-content\/uploads\/2022\/11\/MALLEUS-Backstage00046p-300x169.jpg 300w, https:\/\/www.unirufa.it\/wp-content\/uploads\/2022\/11\/MALLEUS-Backstage00046p-768x432.jpg 768w, https:\/\/www.unirufa.it\/wp-content\/uploads\/2022\/11\/MALLEUS-Backstage00046p-1536x864.jpg 1536w, https:\/\/www.unirufa.it\/wp-content\/uploads\/2022\/11\/MALLEUS-Backstage00046p-1080x608.jpg 1080w, https:\/\/www.unirufa.it\/wp-content\/uploads\/2022\/11\/MALLEUS-Backstage00046p.jpg 1920w\" sizes=\"auto, (max-width: 680px) 100vw, 680px\" \/><\/div><\/div><div class=\"su-image-carousel-item\"><div class=\"su-image-carousel-item-content\"><img loading=\"lazy\" decoding=\"async\" width=\"680\" height=\"383\" src=\"https:\/\/www.unirufa.it\/wp-content\/uploads\/2022\/11\/MALLEUS-Franco-ufficio-backstage2-1024x576.jpg\" class=\"\" alt=\"\" srcset=\"https:\/\/www.unirufa.it\/wp-content\/uploads\/2022\/11\/MALLEUS-Franco-ufficio-backstage2-1024x576.jpg 1024w, https:\/\/www.unirufa.it\/wp-content\/uploads\/2022\/11\/MALLEUS-Franco-ufficio-backstage2-300x169.jpg 300w, https:\/\/www.unirufa.it\/wp-content\/uploads\/2022\/11\/MALLEUS-Franco-ufficio-backstage2-768x432.jpg 768w, https:\/\/www.unirufa.it\/wp-content\/uploads\/2022\/11\/MALLEUS-Franco-ufficio-backstage2-1536x864.jpg 1536w, https:\/\/www.unirufa.it\/wp-content\/uploads\/2022\/11\/MALLEUS-Franco-ufficio-backstage2-1080x608.jpg 1080w, https:\/\/www.unirufa.it\/wp-content\/uploads\/2022\/11\/MALLEUS-Franco-ufficio-backstage2.jpg 1920w\" sizes=\"auto, (max-width: 680px) 100vw, 680px\" \/><\/div><\/div><div class=\"su-image-carousel-item\"><div class=\"su-image-carousel-item-content\"><img loading=\"lazy\" decoding=\"async\" width=\"680\" height=\"383\" src=\"https:\/\/www.unirufa.it\/wp-content\/uploads\/2022\/11\/MALLEUS-party-scene-1024x576.jpeg\" class=\"\" alt=\"\" srcset=\"https:\/\/www.unirufa.it\/wp-content\/uploads\/2022\/11\/MALLEUS-party-scene-1024x576.jpeg 1024w, https:\/\/www.unirufa.it\/wp-content\/uploads\/2022\/11\/MALLEUS-party-scene-300x169.jpeg 300w, https:\/\/www.unirufa.it\/wp-content\/uploads\/2022\/11\/MALLEUS-party-scene-768x432.jpeg 768w, https:\/\/www.unirufa.it\/wp-content\/uploads\/2022\/11\/MALLEUS-party-scene-1536x864.jpeg 1536w, https:\/\/www.unirufa.it\/wp-content\/uploads\/2022\/11\/MALLEUS-party-scene-1080x608.jpeg 1080w, https:\/\/www.unirufa.it\/wp-content\/uploads\/2022\/11\/MALLEUS-party-scene.jpeg 1920w\" sizes=\"auto, (max-width: 680px) 100vw, 680px\" \/><\/div><\/div><div class=\"su-image-carousel-item\"><div class=\"su-image-carousel-item-content\"><img loading=\"lazy\" decoding=\"async\" width=\"680\" height=\"383\" src=\"https:\/\/www.unirufa.it\/wp-content\/uploads\/2022\/11\/MALLEUS-Rosanna-Fedele-BEA-1024x576.jpeg\" class=\"\" alt=\"\" srcset=\"https:\/\/www.unirufa.it\/wp-content\/uploads\/2022\/11\/MALLEUS-Rosanna-Fedele-BEA-1024x576.jpeg 1024w, https:\/\/www.unirufa.it\/wp-content\/uploads\/2022\/11\/MALLEUS-Rosanna-Fedele-BEA-300x169.jpeg 300w, https:\/\/www.unirufa.it\/wp-content\/uploads\/2022\/11\/MALLEUS-Rosanna-Fedele-BEA-768x432.jpeg 768w, https:\/\/www.unirufa.it\/wp-content\/uploads\/2022\/11\/MALLEUS-Rosanna-Fedele-BEA-1536x864.jpeg 1536w, https:\/\/www.unirufa.it\/wp-content\/uploads\/2022\/11\/MALLEUS-Rosanna-Fedele-BEA-1080x608.jpeg 1080w, https:\/\/www.unirufa.it\/wp-content\/uploads\/2022\/11\/MALLEUS-Rosanna-Fedele-BEA.jpeg 1920w\" sizes=\"auto, (max-width: 680px) 100vw, 680px\" \/><\/div><\/div><div class=\"su-image-carousel-item\"><div class=\"su-image-carousel-item-content\"><img loading=\"lazy\" decoding=\"async\" width=\"680\" height=\"383\" src=\"https:\/\/www.unirufa.it\/wp-content\/uploads\/2022\/11\/MALLEUS-Andres-per-Franco-auto-jpg-1024x576.jpg\" class=\"\" alt=\"\" srcset=\"https:\/\/www.unirufa.it\/wp-content\/uploads\/2022\/11\/MALLEUS-Andres-per-Franco-auto-jpg-1024x576.jpg 1024w, https:\/\/www.unirufa.it\/wp-content\/uploads\/2022\/11\/MALLEUS-Andres-per-Franco-auto-jpg-300x169.jpg 300w, https:\/\/www.unirufa.it\/wp-content\/uploads\/2022\/11\/MALLEUS-Andres-per-Franco-auto-jpg-768x432.jpg 768w, https:\/\/www.unirufa.it\/wp-content\/uploads\/2022\/11\/MALLEUS-Andres-per-Franco-auto-jpg-1536x864.jpg 1536w, https:\/\/www.unirufa.it\/wp-content\/uploads\/2022\/11\/MALLEUS-Andres-per-Franco-auto-jpg-1080x608.jpg 1080w, https:\/\/www.unirufa.it\/wp-content\/uploads\/2022\/11\/MALLEUS-Andres-per-Franco-auto-jpg.jpg 1920w\" sizes=\"auto, (max-width: 680px) 100vw, 680px\" \/><\/div><\/div><\/div><script id=\"su_image_carousel_69ec6529bce21_script\">if(window.SUImageCarousel){setTimeout(function() {window.SUImageCarousel.initGallery(document.getElementById(\"su_image_carousel_69ec6529bce21\"))}, 0);}var su_image_carousel_69ec6529bce21_script=document.getElementById(\"su_image_carousel_69ec6529bce21_script\");if(su_image_carousel_69ec6529bce21_script){su_image_carousel_69ec6529bce21_script.parentNode.removeChild(su_image_carousel_69ec6529bce21_script);}<\/script>","protected":false},"excerpt":{"rendered":"<p>Disculpa, pero esta entrada est\u00e1 disponible s\u00f3lo en IT y EN.&nbsp; Il trionfo di Malleus al Film Fest International Il film \u00abMALLEUS\u00bb &#8211; lungometraggio diretto dal regista e docente RUFA Andr\u00e9s Rafael Zabala &#8211; vince due ambitissimi premi al Film Fest International che si \u00e8 appena svolto nella splendida cornice della citt\u00e0 di Edimburgo. Miglior&#8230;  <a class=\"excerpt-read-more\" href=\"https:\/\/www.unirufa.it\/es\/2023\/02\/07\/malleus-vince-miglior-regia-e-miglior-film-al-film-fest-international\/\" title=\"Read MALLEUS vince Miglior regia e Miglior Film al Film Fest International\">Find out more<\/a><\/p>\n","protected":false},"author":28,"featured_media":94292,"comment_status":"closed","ping_status":"closed","sticky":false,"template":"","format":"standard","meta":{"content-type":"","footnotes":""},"categories":[1640,940],"tags":[945],"class_list":["post-94291","post","type-post","status-publish","format-standard","has-post-thumbnail","hentry","category-film-arts","category-cinema-photography","tag-riconoscimenti"],"yoast_head":"<!-- This site is optimized with the Yoast SEO plugin v24.2 - https:\/\/yoast.com\/wordpress\/plugins\/seo\/ -->\n<title>MALLEUS vince Miglior regia e Miglior Film al Film Fest International - RUFA - Rome University of Fine Arts<\/title>\n<meta name=\"robots\" content=\"index, follow, max-snippet:-1, max-image-preview:large, max-video-preview:-1\" \/>\n<link rel=\"canonical\" href=\"https:\/\/www.unirufa.it\/2023\/02\/07\/malleus-vince-miglior-regia-e-miglior-film-al-film-fest-international\/\" \/>\n<meta property=\"og:locale\" content=\"es_ES\" \/>\n<meta property=\"og:type\" content=\"article\" \/>\n<meta property=\"og:title\" content=\"MALLEUS vince Miglior regia e Miglior Film al Film Fest International - RUFA - Rome University of Fine Arts\" \/>\n<meta property=\"og:description\" content=\"Disculpa, pero esta entrada est\u00e1 disponible s\u00f3lo en IT y EN.&nbsp; Il trionfo di Malleus al Film Fest International Il film \u00abMALLEUS\u00bb &#8211; lungometraggio diretto dal regista e docente RUFA Andr\u00e9s Rafael Zabala &#8211; vince due ambitissimi premi al Film Fest International che si \u00e8 appena svolto nella splendida cornice della citt\u00e0 di Edimburgo. Miglior... Find out more\" \/>\n<meta property=\"og:url\" content=\"https:\/\/www.unirufa.it\/2023\/02\/07\/malleus-vince-miglior-regia-e-miglior-film-al-film-fest-international\/\" \/>\n<meta property=\"og:site_name\" content=\"RUFA - Rome University of Fine Arts\" \/>\n<meta property=\"article:published_time\" content=\"2023-02-07T14:32:13+00:00\" \/>\n<meta property=\"article:modified_time\" content=\"2024-04-30T09:12:01+00:00\" \/>\n<meta property=\"og:image\" content=\"https:\/\/www.unirufa.it\/wp-content\/uploads\/2023\/02\/BANNER_MALLEUS_NEWS.png\" \/>\n\t<meta property=\"og:image:width\" content=\"1050\" \/>\n\t<meta property=\"og:image:height\" content=\"600\" \/>\n\t<meta property=\"og:image:type\" content=\"image\/png\" \/>\n<meta name=\"author\" content=\"Claudia Vitali\" \/>\n<meta name=\"twitter:label1\" content=\"Escrito por\" \/>\n\t<meta name=\"twitter:data1\" content=\"Claudia Vitali\" \/>\n\t<meta name=\"twitter:label2\" content=\"Tiempo de lectura\" \/>\n\t<meta name=\"twitter:data2\" content=\"3 minutos\" \/>\n<script type=\"application\/ld+json\" class=\"yoast-schema-graph\">{\"@context\":\"https:\/\/schema.org\",\"@graph\":[{\"@type\":\"WebPage\",\"@id\":\"https:\/\/www.unirufa.it\/2023\/02\/07\/malleus-vince-miglior-regia-e-miglior-film-al-film-fest-international\/\",\"url\":\"https:\/\/www.unirufa.it\/2023\/02\/07\/malleus-vince-miglior-regia-e-miglior-film-al-film-fest-international\/\",\"name\":\"MALLEUS vince Miglior regia e Miglior Film al Film Fest International - RUFA - Rome University of Fine Arts\",\"isPartOf\":{\"@id\":\"https:\/\/www.unirufa.it\/#website\"},\"primaryImageOfPage\":{\"@id\":\"https:\/\/www.unirufa.it\/2023\/02\/07\/malleus-vince-miglior-regia-e-miglior-film-al-film-fest-international\/#primaryimage\"},\"image\":{\"@id\":\"https:\/\/www.unirufa.it\/2023\/02\/07\/malleus-vince-miglior-regia-e-miglior-film-al-film-fest-international\/#primaryimage\"},\"thumbnailUrl\":\"https:\/\/www.unirufa.it\/wp-content\/uploads\/2023\/02\/BANNER_MALLEUS_NEWS.png\",\"datePublished\":\"2023-02-07T14:32:13+00:00\",\"dateModified\":\"2024-04-30T09:12:01+00:00\",\"author\":{\"@id\":\"https:\/\/www.unirufa.it\/#\/schema\/person\/d5c03e37606740dff84050c97a46c80e\"},\"breadcrumb\":{\"@id\":\"https:\/\/www.unirufa.it\/2023\/02\/07\/malleus-vince-miglior-regia-e-miglior-film-al-film-fest-international\/#breadcrumb\"},\"inLanguage\":\"es\",\"potentialAction\":[{\"@type\":\"ReadAction\",\"target\":[\"https:\/\/www.unirufa.it\/2023\/02\/07\/malleus-vince-miglior-regia-e-miglior-film-al-film-fest-international\/\"]}]},{\"@type\":\"ImageObject\",\"inLanguage\":\"es\",\"@id\":\"https:\/\/www.unirufa.it\/2023\/02\/07\/malleus-vince-miglior-regia-e-miglior-film-al-film-fest-international\/#primaryimage\",\"url\":\"https:\/\/www.unirufa.it\/wp-content\/uploads\/2023\/02\/BANNER_MALLEUS_NEWS.png\",\"contentUrl\":\"https:\/\/www.unirufa.it\/wp-content\/uploads\/2023\/02\/BANNER_MALLEUS_NEWS.png\",\"width\":1050,\"height\":600,\"caption\":\"BANNER_MALLEUS_NEWS\"},{\"@type\":\"BreadcrumbList\",\"@id\":\"https:\/\/www.unirufa.it\/2023\/02\/07\/malleus-vince-miglior-regia-e-miglior-film-al-film-fest-international\/#breadcrumb\",\"itemListElement\":[{\"@type\":\"ListItem\",\"position\":1,\"name\":\"Home\",\"item\":\"https:\/\/www.unirufa.it\/\"},{\"@type\":\"ListItem\",\"position\":2,\"name\":\"MALLEUS vince Miglior regia e Miglior Film al Film Fest International\"}]},{\"@type\":\"WebSite\",\"@id\":\"https:\/\/www.unirufa.it\/#website\",\"url\":\"https:\/\/www.unirufa.it\/\",\"name\":\"RUFA - Rome University of Fine Arts\",\"description\":\"\",\"potentialAction\":[{\"@type\":\"SearchAction\",\"target\":{\"@type\":\"EntryPoint\",\"urlTemplate\":\"https:\/\/www.unirufa.it\/?s={search_term_string}\"},\"query-input\":{\"@type\":\"PropertyValueSpecification\",\"valueRequired\":true,\"valueName\":\"search_term_string\"}}],\"inLanguage\":\"es\"},{\"@type\":\"Person\",\"@id\":\"https:\/\/www.unirufa.it\/#\/schema\/person\/d5c03e37606740dff84050c97a46c80e\",\"name\":\"Claudia Vitali\",\"image\":{\"@type\":\"ImageObject\",\"inLanguage\":\"es\",\"@id\":\"https:\/\/www.unirufa.it\/#\/schema\/person\/image\/\",\"url\":\"https:\/\/secure.gravatar.com\/avatar\/9bd058a2b55efbe5f9e6b68b196c59f4?s=96&d=mm&r=g\",\"contentUrl\":\"https:\/\/secure.gravatar.com\/avatar\/9bd058a2b55efbe5f9e6b68b196c59f4?s=96&d=mm&r=g\",\"caption\":\"Claudia Vitali\"},\"url\":\"https:\/\/www.unirufa.it\/es\/author\/claudia\/\"}]}<\/script>\n<!-- \/ Yoast SEO plugin. -->","yoast_head_json":{"title":"MALLEUS vince Miglior regia e Miglior Film al Film Fest International - RUFA - Rome University of Fine Arts","robots":{"index":"index","follow":"follow","max-snippet":"max-snippet:-1","max-image-preview":"max-image-preview:large","max-video-preview":"max-video-preview:-1"},"canonical":"https:\/\/www.unirufa.it\/2023\/02\/07\/malleus-vince-miglior-regia-e-miglior-film-al-film-fest-international\/","og_locale":"es_ES","og_type":"article","og_title":"MALLEUS vince Miglior regia e Miglior Film al Film Fest International - RUFA - Rome University of Fine Arts","og_description":"Disculpa, pero esta entrada est\u00e1 disponible s\u00f3lo en IT y EN.&nbsp; Il trionfo di Malleus al Film Fest International Il film \u00abMALLEUS\u00bb &#8211; lungometraggio diretto dal regista e docente RUFA Andr\u00e9s Rafael Zabala &#8211; vince due ambitissimi premi al Film Fest International che si \u00e8 appena svolto nella splendida cornice della citt\u00e0 di Edimburgo. Miglior... Find out more","og_url":"https:\/\/www.unirufa.it\/2023\/02\/07\/malleus-vince-miglior-regia-e-miglior-film-al-film-fest-international\/","og_site_name":"RUFA - Rome University of Fine Arts","article_published_time":"2023-02-07T14:32:13+00:00","article_modified_time":"2024-04-30T09:12:01+00:00","og_image":[{"width":1050,"height":600,"url":"https:\/\/www.unirufa.it\/wp-content\/uploads\/2023\/02\/BANNER_MALLEUS_NEWS.png","type":"image\/png"}],"author":"Claudia Vitali","twitter_misc":{"Escrito por":"Claudia Vitali","Tiempo de lectura":"3 minutos"},"schema":{"@context":"https:\/\/schema.org","@graph":[{"@type":"WebPage","@id":"https:\/\/www.unirufa.it\/2023\/02\/07\/malleus-vince-miglior-regia-e-miglior-film-al-film-fest-international\/","url":"https:\/\/www.unirufa.it\/2023\/02\/07\/malleus-vince-miglior-regia-e-miglior-film-al-film-fest-international\/","name":"MALLEUS vince Miglior regia e Miglior Film al Film Fest International - RUFA - Rome University of Fine Arts","isPartOf":{"@id":"https:\/\/www.unirufa.it\/#website"},"primaryImageOfPage":{"@id":"https:\/\/www.unirufa.it\/2023\/02\/07\/malleus-vince-miglior-regia-e-miglior-film-al-film-fest-international\/#primaryimage"},"image":{"@id":"https:\/\/www.unirufa.it\/2023\/02\/07\/malleus-vince-miglior-regia-e-miglior-film-al-film-fest-international\/#primaryimage"},"thumbnailUrl":"https:\/\/www.unirufa.it\/wp-content\/uploads\/2023\/02\/BANNER_MALLEUS_NEWS.png","datePublished":"2023-02-07T14:32:13+00:00","dateModified":"2024-04-30T09:12:01+00:00","author":{"@id":"https:\/\/www.unirufa.it\/#\/schema\/person\/d5c03e37606740dff84050c97a46c80e"},"breadcrumb":{"@id":"https:\/\/www.unirufa.it\/2023\/02\/07\/malleus-vince-miglior-regia-e-miglior-film-al-film-fest-international\/#breadcrumb"},"inLanguage":"es","potentialAction":[{"@type":"ReadAction","target":["https:\/\/www.unirufa.it\/2023\/02\/07\/malleus-vince-miglior-regia-e-miglior-film-al-film-fest-international\/"]}]},{"@type":"ImageObject","inLanguage":"es","@id":"https:\/\/www.unirufa.it\/2023\/02\/07\/malleus-vince-miglior-regia-e-miglior-film-al-film-fest-international\/#primaryimage","url":"https:\/\/www.unirufa.it\/wp-content\/uploads\/2023\/02\/BANNER_MALLEUS_NEWS.png","contentUrl":"https:\/\/www.unirufa.it\/wp-content\/uploads\/2023\/02\/BANNER_MALLEUS_NEWS.png","width":1050,"height":600,"caption":"BANNER_MALLEUS_NEWS"},{"@type":"BreadcrumbList","@id":"https:\/\/www.unirufa.it\/2023\/02\/07\/malleus-vince-miglior-regia-e-miglior-film-al-film-fest-international\/#breadcrumb","itemListElement":[{"@type":"ListItem","position":1,"name":"Home","item":"https:\/\/www.unirufa.it\/"},{"@type":"ListItem","position":2,"name":"MALLEUS vince Miglior regia e Miglior Film al Film Fest International"}]},{"@type":"WebSite","@id":"https:\/\/www.unirufa.it\/#website","url":"https:\/\/www.unirufa.it\/","name":"RUFA - Rome University of Fine Arts","description":"","potentialAction":[{"@type":"SearchAction","target":{"@type":"EntryPoint","urlTemplate":"https:\/\/www.unirufa.it\/?s={search_term_string}"},"query-input":{"@type":"PropertyValueSpecification","valueRequired":true,"valueName":"search_term_string"}}],"inLanguage":"es"},{"@type":"Person","@id":"https:\/\/www.unirufa.it\/#\/schema\/person\/d5c03e37606740dff84050c97a46c80e","name":"Claudia Vitali","image":{"@type":"ImageObject","inLanguage":"es","@id":"https:\/\/www.unirufa.it\/#\/schema\/person\/image\/","url":"https:\/\/secure.gravatar.com\/avatar\/9bd058a2b55efbe5f9e6b68b196c59f4?s=96&d=mm&r=g","contentUrl":"https:\/\/secure.gravatar.com\/avatar\/9bd058a2b55efbe5f9e6b68b196c59f4?s=96&d=mm&r=g","caption":"Claudia Vitali"},"url":"https:\/\/www.unirufa.it\/es\/author\/claudia\/"}]}},"_links":{"self":[{"href":"https:\/\/www.unirufa.it\/es\/wp-json\/wp\/v2\/posts\/94291","targetHints":{"allow":["GET"]}}],"collection":[{"href":"https:\/\/www.unirufa.it\/es\/wp-json\/wp\/v2\/posts"}],"about":[{"href":"https:\/\/www.unirufa.it\/es\/wp-json\/wp\/v2\/types\/post"}],"author":[{"embeddable":true,"href":"https:\/\/www.unirufa.it\/es\/wp-json\/wp\/v2\/users\/28"}],"replies":[{"embeddable":true,"href":"https:\/\/www.unirufa.it\/es\/wp-json\/wp\/v2\/comments?post=94291"}],"version-history":[{"count":19,"href":"https:\/\/www.unirufa.it\/es\/wp-json\/wp\/v2\/posts\/94291\/revisions"}],"predecessor-version":[{"id":130470,"href":"https:\/\/www.unirufa.it\/es\/wp-json\/wp\/v2\/posts\/94291\/revisions\/130470"}],"wp:featuredmedia":[{"embeddable":true,"href":"https:\/\/www.unirufa.it\/es\/wp-json\/wp\/v2\/media\/94292"}],"wp:attachment":[{"href":"https:\/\/www.unirufa.it\/es\/wp-json\/wp\/v2\/media?parent=94291"}],"wp:term":[{"taxonomy":"category","embeddable":true,"href":"https:\/\/www.unirufa.it\/es\/wp-json\/wp\/v2\/categories?post=94291"},{"taxonomy":"post_tag","embeddable":true,"href":"https:\/\/www.unirufa.it\/es\/wp-json\/wp\/v2\/tags?post=94291"}],"curies":[{"name":"wp","href":"https:\/\/api.w.org\/{rel}","templated":true}]}}