


{"id":9836,"date":"2016-11-03T14:32:24","date_gmt":"2016-11-03T14:32:24","guid":{"rendered":"http:\/\/www.unirufa.it\/?p=9380"},"modified":"2016-12-02T10:37:55","modified_gmt":"2016-12-02T10:37:55","slug":"smart-inaugura-mostra-dedicata-performance-filippo-berta-calixto-ramirez","status":"publish","type":"post","link":"https:\/\/www.unirufa.it\/es\/2016\/11\/03\/smart-inaugura-mostra-dedicata-performance-filippo-berta-calixto-ramirez\/","title":{"rendered":"A smART una mostra dedicata alla performance con Filippo Berta e Calixto Ram\u00edrez"},"content":{"rendered":"<p class=\"qtranxs-available-languages-message qtranxs-available-languages-message-es\">Disculpa, pero esta entrada est\u00e1 disponible s\u00f3lo en <a href=\"https:\/\/www.unirufa.it\/it\/wp-json\/wp\/v2\/posts\/9836\" class=\"qtranxs-available-language-link qtranxs-available-language-link-it\" title=\"IT\">IT<\/a>.<\/p><p><\/p>\n<h3>Inaugura il 9 novembre \u00abUna sola moltitudine\u00bb nello spazio espositivo a due passi da RUFA<\/h3>\n<p>smART \u2013 polo per l\u2019arte, il dinamico spazio romano dedicato all\u2019arte contemporanea nel cuore del quartiere Trieste, sposta la propria attenzione su un nuovo medium, la performance, proponendo, dal 9 novembre 2016 al 10 marzo 2017, la doppia personale di Filippo Berta e Calixto Ram\u00edrez, dal titolo Una sola moltitudine, titolo che evoca una raccolta dello scrittore e poeta portoghese Fernando Pessoa. I due artisti sono accomunati da una ricerca rigorosa, consapevole e riconoscibile, legata all\u2019uso del corpo e al suo rapporto con il paesaggio, lo spazio della citt\u00e0, ma anche contesti pi\u00f9 intimi. Il progetto nasce dalle affinit\u00e0 tra i due artisti: l\u2019impiego della performance come mezzo privilegiato, l\u2019utilizzo del corpo, l\u2019idea di tensione \u2013 fisica e psicologica \u2013 che domina le loro azioni, la traduzione delle performance in immagini \u201cconcrete\u201d \u2013 fotografie e video \u2013 dotate di un carattere iconico e visivamente pregnante. In esposizione saranno presenti nuove produzioni concepite a partire dalle specificit\u00e0 di smART: le caratteristiche dello spazio espositivo, la presenza dei bambini che prendono parte alle attivit\u00e0 didattiche, la conformazione del quartiere. Le opere di Berta e Ram\u00edrez si \u201dfronteggeranno\u201d nello spazio espositivo, creando un dialogo tra due approcci diversi alla performance. Durante l\u2019opening sono previste delle performance live dei due artisti.<\/p>\n<p>Info: <a href=\"http:\/\/www.smartroma.org\/\" target=\"_blank\">http:\/\/www.smartroma.org\/<\/a> <\/p>","protected":false},"excerpt":{"rendered":"<p>Disculpa, pero esta entrada est\u00e1 disponible s\u00f3lo en IT. Inaugura il 9 novembre \u00abUna sola moltitudine\u00bb nello spazio espositivo a due passi da RUFA smART \u2013 polo per l\u2019arte, il dinamico spazio romano dedicato all\u2019arte contemporanea nel cuore del quartiere Trieste, sposta la propria attenzione su un nuovo medium, la performance, proponendo, dal 9 novembre&#8230;  <a class=\"excerpt-read-more\" href=\"https:\/\/www.unirufa.it\/es\/2016\/11\/03\/smart-inaugura-mostra-dedicata-performance-filippo-berta-calixto-ramirez\/\" title=\"Read A smART una mostra dedicata alla performance con Filippo Berta e Calixto Ram\u00edrez\">Find out more<\/a><\/p>\n","protected":false},"author":1,"featured_media":9381,"comment_status":"closed","ping_status":"closed","sticky":false,"template":"","format":"standard","meta":{"content-type":"","footnotes":""},"categories":[937],"tags":[],"class_list":["post-9836","post","type-post","status-publish","format-standard","has-post-thumbnail","hentry","category-pittura-scultura"],"yoast_head":"<!-- This site is optimized with the Yoast SEO plugin v24.2 - https:\/\/yoast.com\/wordpress\/plugins\/seo\/ -->\n<title>A smART una mostra dedicata alla performance con Filippo Berta e Calixto Ram\u00edrez - RUFA - Rome University of Fine Arts<\/title>\n<meta name=\"robots\" content=\"index, follow, max-snippet:-1, max-image-preview:large, max-video-preview:-1\" \/>\n<link rel=\"canonical\" href=\"https:\/\/www.unirufa.it\/en\/2016\/11\/03\/smart-inaugura-mostra-dedicata-performance-filippo-berta-calixto-ramirez\/\" \/>\n<meta property=\"og:locale\" content=\"es_ES\" \/>\n<meta property=\"og:type\" content=\"article\" \/>\n<meta property=\"og:title\" content=\"A smART una mostra dedicata alla performance con Filippo Berta e Calixto Ram\u00edrez - RUFA - Rome University of Fine Arts\" \/>\n<meta property=\"og:description\" content=\"Disculpa, pero esta entrada est\u00e1 disponible s\u00f3lo en IT. Inaugura il 9 novembre \u00abUna sola moltitudine\u00bb nello spazio espositivo a due passi da RUFA smART \u2013 polo per l\u2019arte, il dinamico spazio romano dedicato all\u2019arte contemporanea nel cuore del quartiere Trieste, sposta la propria attenzione su un nuovo medium, la performance, proponendo, dal 9 novembre... Find out more\" \/>\n<meta property=\"og:url\" content=\"https:\/\/www.unirufa.it\/en\/2016\/11\/03\/smart-inaugura-mostra-dedicata-performance-filippo-berta-calixto-ramirez\/\" \/>\n<meta property=\"og:site_name\" content=\"RUFA - Rome University of Fine Arts\" \/>\n<meta property=\"article:published_time\" content=\"2016-11-03T14:32:24+00:00\" \/>\n<meta property=\"article:modified_time\" content=\"2016-12-02T10:37:55+00:00\" \/>\n<meta property=\"og:image\" content=\"https:\/\/www.unirufa.it\/wp-content\/uploads\/2017\/11\/logo-rufa-2016.png\" \/>\n\t<meta property=\"og:image:width\" content=\"230\" \/>\n\t<meta property=\"og:image:height\" content=\"149\" \/>\n\t<meta property=\"og:image:type\" content=\"image\/png\" \/>\n<meta name=\"author\" content=\"rufa\" \/>\n<meta name=\"twitter:label1\" content=\"Escrito por\" \/>\n\t<meta name=\"twitter:data1\" content=\"rufa\" \/>\n\t<meta name=\"twitter:label2\" content=\"Tiempo de lectura\" \/>\n\t<meta name=\"twitter:data2\" content=\"1 minuto\" \/>\n<script type=\"application\/ld+json\" class=\"yoast-schema-graph\">{\"@context\":\"https:\/\/schema.org\",\"@graph\":[{\"@type\":\"WebPage\",\"@id\":\"https:\/\/www.unirufa.it\/en\/2016\/11\/03\/smart-inaugura-mostra-dedicata-performance-filippo-berta-calixto-ramirez\/\",\"url\":\"https:\/\/www.unirufa.it\/en\/2016\/11\/03\/smart-inaugura-mostra-dedicata-performance-filippo-berta-calixto-ramirez\/\",\"name\":\"A smART una mostra dedicata alla performance con Filippo Berta e Calixto Ram\u00edrez - RUFA - Rome University of Fine Arts\",\"isPartOf\":{\"@id\":\"https:\/\/www.unirufa.it\/#website\"},\"primaryImageOfPage\":{\"@id\":\"https:\/\/www.unirufa.it\/en\/2016\/11\/03\/smart-inaugura-mostra-dedicata-performance-filippo-berta-calixto-ramirez\/#primaryimage\"},\"image\":{\"@id\":\"https:\/\/www.unirufa.it\/en\/2016\/11\/03\/smart-inaugura-mostra-dedicata-performance-filippo-berta-calixto-ramirez\/#primaryimage\"},\"thumbnailUrl\":\"\",\"datePublished\":\"2016-11-03T14:32:24+00:00\",\"dateModified\":\"2016-12-02T10:37:55+00:00\",\"author\":{\"@id\":\"https:\/\/www.unirufa.it\/#\/schema\/person\/df501afc19e72ccaeeaaec268b0c5917\"},\"breadcrumb\":{\"@id\":\"https:\/\/www.unirufa.it\/en\/2016\/11\/03\/smart-inaugura-mostra-dedicata-performance-filippo-berta-calixto-ramirez\/#breadcrumb\"},\"inLanguage\":\"es\",\"potentialAction\":[{\"@type\":\"ReadAction\",\"target\":[\"https:\/\/www.unirufa.it\/en\/2016\/11\/03\/smart-inaugura-mostra-dedicata-performance-filippo-berta-calixto-ramirez\/\"]}]},{\"@type\":\"ImageObject\",\"inLanguage\":\"es\",\"@id\":\"https:\/\/www.unirufa.it\/en\/2016\/11\/03\/smart-inaugura-mostra-dedicata-performance-filippo-berta-calixto-ramirez\/#primaryimage\",\"url\":\"\",\"contentUrl\":\"\"},{\"@type\":\"BreadcrumbList\",\"@id\":\"https:\/\/www.unirufa.it\/en\/2016\/11\/03\/smart-inaugura-mostra-dedicata-performance-filippo-berta-calixto-ramirez\/#breadcrumb\",\"itemListElement\":[{\"@type\":\"ListItem\",\"position\":1,\"name\":\"Home\",\"item\":\"https:\/\/www.unirufa.it\/\"},{\"@type\":\"ListItem\",\"position\":2,\"name\":\"A smART una mostra dedicata alla performance con Filippo Berta e Calixto Ram\u00edrez\"}]},{\"@type\":\"WebSite\",\"@id\":\"https:\/\/www.unirufa.it\/#website\",\"url\":\"https:\/\/www.unirufa.it\/\",\"name\":\"RUFA - Rome University of Fine Arts\",\"description\":\"\",\"potentialAction\":[{\"@type\":\"SearchAction\",\"target\":{\"@type\":\"EntryPoint\",\"urlTemplate\":\"https:\/\/www.unirufa.it\/?s={search_term_string}\"},\"query-input\":{\"@type\":\"PropertyValueSpecification\",\"valueRequired\":true,\"valueName\":\"search_term_string\"}}],\"inLanguage\":\"es\"},{\"@type\":\"Person\",\"@id\":\"https:\/\/www.unirufa.it\/#\/schema\/person\/df501afc19e72ccaeeaaec268b0c5917\",\"name\":\"rufa\",\"image\":{\"@type\":\"ImageObject\",\"inLanguage\":\"es\",\"@id\":\"https:\/\/www.unirufa.it\/#\/schema\/person\/image\/\",\"url\":\"https:\/\/secure.gravatar.com\/avatar\/7f7ea0eea9301536a533fa1d7ea507b9?s=96&d=mm&r=g\",\"contentUrl\":\"https:\/\/secure.gravatar.com\/avatar\/7f7ea0eea9301536a533fa1d7ea507b9?s=96&d=mm&r=g\",\"caption\":\"rufa\"},\"url\":\"https:\/\/www.unirufa.it\/es\/author\/rufa\/\"}]}<\/script>\n<!-- \/ Yoast SEO plugin. -->","yoast_head_json":{"title":"A smART una mostra dedicata alla performance con Filippo Berta e Calixto Ram\u00edrez - RUFA - Rome University of Fine Arts","robots":{"index":"index","follow":"follow","max-snippet":"max-snippet:-1","max-image-preview":"max-image-preview:large","max-video-preview":"max-video-preview:-1"},"canonical":"https:\/\/www.unirufa.it\/en\/2016\/11\/03\/smart-inaugura-mostra-dedicata-performance-filippo-berta-calixto-ramirez\/","og_locale":"es_ES","og_type":"article","og_title":"A smART una mostra dedicata alla performance con Filippo Berta e Calixto Ram\u00edrez - RUFA - Rome University of Fine Arts","og_description":"Disculpa, pero esta entrada est\u00e1 disponible s\u00f3lo en IT. Inaugura il 9 novembre \u00abUna sola moltitudine\u00bb nello spazio espositivo a due passi da RUFA smART \u2013 polo per l\u2019arte, il dinamico spazio romano dedicato all\u2019arte contemporanea nel cuore del quartiere Trieste, sposta la propria attenzione su un nuovo medium, la performance, proponendo, dal 9 novembre... Find out more","og_url":"https:\/\/www.unirufa.it\/en\/2016\/11\/03\/smart-inaugura-mostra-dedicata-performance-filippo-berta-calixto-ramirez\/","og_site_name":"RUFA - Rome University of Fine Arts","article_published_time":"2016-11-03T14:32:24+00:00","article_modified_time":"2016-12-02T10:37:55+00:00","og_image":[{"width":230,"height":149,"url":"https:\/\/www.unirufa.it\/wp-content\/uploads\/2017\/11\/logo-rufa-2016.png","type":"image\/png"}],"author":"rufa","twitter_misc":{"Escrito por":"rufa","Tiempo de lectura":"1 minuto"},"schema":{"@context":"https:\/\/schema.org","@graph":[{"@type":"WebPage","@id":"https:\/\/www.unirufa.it\/en\/2016\/11\/03\/smart-inaugura-mostra-dedicata-performance-filippo-berta-calixto-ramirez\/","url":"https:\/\/www.unirufa.it\/en\/2016\/11\/03\/smart-inaugura-mostra-dedicata-performance-filippo-berta-calixto-ramirez\/","name":"A smART una mostra dedicata alla performance con Filippo Berta e Calixto Ram\u00edrez - RUFA - Rome University of Fine Arts","isPartOf":{"@id":"https:\/\/www.unirufa.it\/#website"},"primaryImageOfPage":{"@id":"https:\/\/www.unirufa.it\/en\/2016\/11\/03\/smart-inaugura-mostra-dedicata-performance-filippo-berta-calixto-ramirez\/#primaryimage"},"image":{"@id":"https:\/\/www.unirufa.it\/en\/2016\/11\/03\/smart-inaugura-mostra-dedicata-performance-filippo-berta-calixto-ramirez\/#primaryimage"},"thumbnailUrl":"","datePublished":"2016-11-03T14:32:24+00:00","dateModified":"2016-12-02T10:37:55+00:00","author":{"@id":"https:\/\/www.unirufa.it\/#\/schema\/person\/df501afc19e72ccaeeaaec268b0c5917"},"breadcrumb":{"@id":"https:\/\/www.unirufa.it\/en\/2016\/11\/03\/smart-inaugura-mostra-dedicata-performance-filippo-berta-calixto-ramirez\/#breadcrumb"},"inLanguage":"es","potentialAction":[{"@type":"ReadAction","target":["https:\/\/www.unirufa.it\/en\/2016\/11\/03\/smart-inaugura-mostra-dedicata-performance-filippo-berta-calixto-ramirez\/"]}]},{"@type":"ImageObject","inLanguage":"es","@id":"https:\/\/www.unirufa.it\/en\/2016\/11\/03\/smart-inaugura-mostra-dedicata-performance-filippo-berta-calixto-ramirez\/#primaryimage","url":"","contentUrl":""},{"@type":"BreadcrumbList","@id":"https:\/\/www.unirufa.it\/en\/2016\/11\/03\/smart-inaugura-mostra-dedicata-performance-filippo-berta-calixto-ramirez\/#breadcrumb","itemListElement":[{"@type":"ListItem","position":1,"name":"Home","item":"https:\/\/www.unirufa.it\/"},{"@type":"ListItem","position":2,"name":"A smART una mostra dedicata alla performance con Filippo Berta e Calixto Ram\u00edrez"}]},{"@type":"WebSite","@id":"https:\/\/www.unirufa.it\/#website","url":"https:\/\/www.unirufa.it\/","name":"RUFA - Rome University of Fine Arts","description":"","potentialAction":[{"@type":"SearchAction","target":{"@type":"EntryPoint","urlTemplate":"https:\/\/www.unirufa.it\/?s={search_term_string}"},"query-input":{"@type":"PropertyValueSpecification","valueRequired":true,"valueName":"search_term_string"}}],"inLanguage":"es"},{"@type":"Person","@id":"https:\/\/www.unirufa.it\/#\/schema\/person\/df501afc19e72ccaeeaaec268b0c5917","name":"rufa","image":{"@type":"ImageObject","inLanguage":"es","@id":"https:\/\/www.unirufa.it\/#\/schema\/person\/image\/","url":"https:\/\/secure.gravatar.com\/avatar\/7f7ea0eea9301536a533fa1d7ea507b9?s=96&d=mm&r=g","contentUrl":"https:\/\/secure.gravatar.com\/avatar\/7f7ea0eea9301536a533fa1d7ea507b9?s=96&d=mm&r=g","caption":"rufa"},"url":"https:\/\/www.unirufa.it\/es\/author\/rufa\/"}]}},"_links":{"self":[{"href":"https:\/\/www.unirufa.it\/es\/wp-json\/wp\/v2\/posts\/9836","targetHints":{"allow":["GET"]}}],"collection":[{"href":"https:\/\/www.unirufa.it\/es\/wp-json\/wp\/v2\/posts"}],"about":[{"href":"https:\/\/www.unirufa.it\/es\/wp-json\/wp\/v2\/types\/post"}],"author":[{"embeddable":true,"href":"https:\/\/www.unirufa.it\/es\/wp-json\/wp\/v2\/users\/1"}],"replies":[{"embeddable":true,"href":"https:\/\/www.unirufa.it\/es\/wp-json\/wp\/v2\/comments?post=9836"}],"version-history":[{"count":1,"href":"https:\/\/www.unirufa.it\/es\/wp-json\/wp\/v2\/posts\/9836\/revisions"}],"predecessor-version":[{"id":9978,"href":"https:\/\/www.unirufa.it\/es\/wp-json\/wp\/v2\/posts\/9836\/revisions\/9978"}],"wp:featuredmedia":[{"embeddable":true,"href":"https:\/\/www.unirufa.it\/es\/wp-json\/"}],"wp:attachment":[{"href":"https:\/\/www.unirufa.it\/es\/wp-json\/wp\/v2\/media?parent=9836"}],"wp:term":[{"taxonomy":"category","embeddable":true,"href":"https:\/\/www.unirufa.it\/es\/wp-json\/wp\/v2\/categories?post=9836"},{"taxonomy":"post_tag","embeddable":true,"href":"https:\/\/www.unirufa.it\/es\/wp-json\/wp\/v2\/tags?post=9836"}],"curies":[{"name":"wp","href":"https:\/\/api.w.org\/{rel}","templated":true}]}}